{"id":4021,"date":"2017-05-03T20:47:57","date_gmt":"2017-05-03T20:47:57","guid":{"rendered":"http:\/\/blogs.hoy.es\/senderosextremadura\/?p=4021"},"modified":"2017-05-03T20:47:57","modified_gmt":"2017-05-03T20:47:57","slug":"este-domingo-ruta-por-las-aldeas-do-xisto","status":"publish","type":"post","link":"https:\/\/blogs.hoy.es\/senderosextremadura\/2017\/05\/03\/este-domingo-ruta-por-las-aldeas-do-xisto\/","title":{"rendered":"Este domingo, ruta por las Aldeas do Xisto"},"content":{"rendered":"<p><a href=\"https:\/\/blogs.hoy.es\/senderosextremadura\/\"><img loading=\"lazy\" class=\"aligncenter size-full wp-image-4023\" title=\"\" src=\"\/senderosextremadura\/wp-content\/uploads\/sites\/22\/2017\/05\/aldeas-do-xisto.jpg\" alt=\"\" width=\"387\" height=\"257\" srcset=\"https:\/\/static-blogs.hoy.es\/wp-content\/uploads\/sites\/22\/2017\/05\/aldeas-do-xisto.jpg 387w, https:\/\/static-blogs.hoy.es\/wp-content\/uploads\/sites\/22\/2017\/05\/aldeas-do-xisto-300x199.jpg 300w\" sizes=\"(max-width: 387px) 100vw, 387px\" \/><\/a><\/p>\n<p>ZonaViaje ha programado para este domingo 7 de mayo la Ruta de las Aldeas do Xisto, en la Regi\u00f3n Centro de Portugal. Una zona que ha ganado una nueva vida por medio de la recuperaci\u00f3n de 24 aldeas t\u00edpicas de calles sinuosas. Habr\u00e1 dos alternativas. Una de nueve kil\u00f3metros y dificultad baja y otra de 15 y dificultad media. <!--more-->Habr\u00e1 salidas en autob\u00fas desde Badajoz, Campo Mayor y Alpalhao. Los participantes regresar\u00e1n a las 18 horas desde Pedrog\u00e3o. Esta actividad tiene un precio de 20 euros e incluye traslados, gu\u00edas titulados y seguros. Las plazas son limitadas.<\/p>\n<p>M\u00e1s informaci\u00f3n en:<\/p>\n<div id=\"id_590a4086980d64407736280\">\u00a0924 262 762<br \/>\nWhatsApp: \u00a0655 851 496<br \/>\ninfo@zonaviaje.com<\/div>\n<div>\n<div class=\"text_exposed_root text_exposed\" style=\"display: inline; font-family: inherit;\"><span class=\"text_exposed_show\" style=\"display: inline; font-family: inherit;\"><br \/>\n<\/span><\/div>\n<\/div>\n<!-- AddThis Advanced Settings generic via filter on the_content --><!-- AddThis Share Buttons generic via filter on the_content -->","protected":false},"excerpt":{"rendered":"<p>ZonaViaje ha programado para este domingo 7 de mayo la Ruta de las Aldeas do Xisto, en la Regi\u00f3n Centro de Portugal. Una zona que ha ganado una nueva vida por medio de la recuperaci\u00f3n de 24 aldeas t\u00edpicas de calles sinuosas. Habr\u00e1 dos alternativas. Una de nueve kil\u00f3metros y dificultad baja y otra de [&hellip;]<!-- AddThis Advanced Settings generic via filter on get_the_excerpt --><!-- AddThis Share Buttons generic via filter on get_the_excerpt --><\/p>\n","protected":false},"author":27,"featured_media":0,"comment_status":"open","ping_status":"closed","sticky":false,"template":"","format":"standard","meta":[],"categories":[3],"tags":[646,792,906],"_links":{"self":[{"href":"https:\/\/blogs.hoy.es\/senderosextremadura\/wp-json\/wp\/v2\/posts\/4021"}],"collection":[{"href":"https:\/\/blogs.hoy.es\/senderosextremadura\/wp-json\/wp\/v2\/posts"}],"about":[{"href":"https:\/\/blogs.hoy.es\/senderosextremadura\/wp-json\/wp\/v2\/types\/post"}],"author":[{"embeddable":true,"href":"https:\/\/blogs.hoy.es\/senderosextremadura\/wp-json\/wp\/v2\/users\/27"}],"replies":[{"embeddable":true,"href":"https:\/\/blogs.hoy.es\/senderosextremadura\/wp-json\/wp\/v2\/comments?post=4021"}],"version-history":[{"count":0,"href":"https:\/\/blogs.hoy.es\/senderosextremadura\/wp-json\/wp\/v2\/posts\/4021\/revisions"}],"wp:attachment":[{"href":"https:\/\/blogs.hoy.es\/senderosextremadura\/wp-json\/wp\/v2\/media?parent=4021"}],"wp:term":[{"taxonomy":"category","embeddable":true,"href":"https:\/\/blogs.hoy.es\/senderosextremadura\/wp-json\/wp\/v2\/categories?post=4021"},{"taxonomy":"post_tag","embeddable":true,"href":"https:\/\/blogs.hoy.es\/senderosextremadura\/wp-json\/wp\/v2\/tags?post=4021"}],"curies":[{"name":"wp","href":"https:\/\/api.w.org\/{rel}","templated":true}]}}