{"id":4024,"date":"2017-05-03T21:42:18","date_gmt":"2017-05-03T21:42:18","guid":{"rendered":"http:\/\/blogs.hoy.es\/senderosextremadura\/?p=4024"},"modified":"2017-05-03T21:42:18","modified_gmt":"2017-05-03T21:42:18","slug":"desde-la-puerta-de-palmas-a-la-ermita-de-botoa","status":"publish","type":"post","link":"https:\/\/blogs.hoy.es\/senderosextremadura\/2017\/05\/03\/desde-la-puerta-de-palmas-a-la-ermita-de-botoa\/","title":{"rendered":"Caminata desde la Puerta de Palmas hasta la Ermita de B\u00f3toa"},"content":{"rendered":"<div id=\"attachment_4026\" style=\"width: 610px\" class=\"wp-caption aligncenter\"><a href=\"https:\/\/blogs.hoy.es\/senderosextremadura\/2017\/05\/03\/desde-la-puerta-de-palmas-a-la-ermita-de-botoa\/amigos-de-badajoz-camino-de-botoa-2\/\" rel=\"attachment wp-att-4026\"><img aria-describedby=\"caption-attachment-4026\" loading=\"lazy\" class=\"size-large wp-image-4026\" title=\"Romeros camino de la Ermita de B\u00f3toa\" src=\"\/senderosextremadura\/wp-content\/uploads\/sites\/22\/2017\/05\/romeros1.jpg\" alt=\"Romeros camino de la Ermita de B\u00f3toa\" width=\"600\" height=\"308\" srcset=\"https:\/\/static-blogs.hoy.es\/wp-content\/uploads\/sites\/22\/2017\/05\/romeros1.jpg 1871w, https:\/\/static-blogs.hoy.es\/wp-content\/uploads\/sites\/22\/2017\/05\/romeros1-300x154.jpg 300w, https:\/\/static-blogs.hoy.es\/wp-content\/uploads\/sites\/22\/2017\/05\/romeros1-768x395.jpg 768w, https:\/\/static-blogs.hoy.es\/wp-content\/uploads\/sites\/22\/2017\/05\/romeros1-600x309.jpg 600w\" sizes=\"(max-width: 600px) 100vw, 600px\" \/><\/a><p id=\"caption-attachment-4026\" class=\"wp-caption-text\">Romeros camino de la Ermita de B\u00f3toa<\/p><\/div>\n<p>Un a\u00f1o m\u00e1s el Club del Caminante de Badajoz se suma a las celebraciones en honor a la Virgen de B\u00f3toa con una ruta hasta la ermita. La marcha senderista se celebra en la v\u00edspera de la romer\u00eda, el s\u00e1bado d\u00eda 6. Los participantes recorrer\u00e1n los 17 km. que separan la Puerta de Palmas de la Ermita de la copatrona de Badajoz. Los caminantes saldr\u00e1n a las 16.00 horas del s\u00e1bado desde el monumento.<\/p>\n<!-- AddThis Advanced Settings generic via filter on the_content --><!-- AddThis Share Buttons generic via filter on the_content -->","protected":false},"excerpt":{"rendered":"<p>Un a\u00f1o m\u00e1s el Club del Caminante de Badajoz se suma a las celebraciones en honor a la Virgen de B\u00f3toa con una ruta hasta la ermita. La marcha senderista se celebra en la v\u00edspera de la romer\u00eda, el s\u00e1bado d\u00eda 6. Los participantes recorrer\u00e1n los 17 km. que separan la Puerta de Palmas de [&hellip;]<!-- AddThis Advanced Settings generic via filter on get_the_excerpt --><!-- AddThis Share Buttons generic via filter on get_the_excerpt --><\/p>\n","protected":false},"author":27,"featured_media":0,"comment_status":"open","ping_status":"closed","sticky":false,"template":"","format":"standard","meta":[],"categories":[3],"tags":[86,705,906,1141],"_links":{"self":[{"href":"https:\/\/blogs.hoy.es\/senderosextremadura\/wp-json\/wp\/v2\/posts\/4024"}],"collection":[{"href":"https:\/\/blogs.hoy.es\/senderosextremadura\/wp-json\/wp\/v2\/posts"}],"about":[{"href":"https:\/\/blogs.hoy.es\/senderosextremadura\/wp-json\/wp\/v2\/types\/post"}],"author":[{"embeddable":true,"href":"https:\/\/blogs.hoy.es\/senderosextremadura\/wp-json\/wp\/v2\/users\/27"}],"replies":[{"embeddable":true,"href":"https:\/\/blogs.hoy.es\/senderosextremadura\/wp-json\/wp\/v2\/comments?post=4024"}],"version-history":[{"count":0,"href":"https:\/\/blogs.hoy.es\/senderosextremadura\/wp-json\/wp\/v2\/posts\/4024\/revisions"}],"wp:attachment":[{"href":"https:\/\/blogs.hoy.es\/senderosextremadura\/wp-json\/wp\/v2\/media?parent=4024"}],"wp:term":[{"taxonomy":"category","embeddable":true,"href":"https:\/\/blogs.hoy.es\/senderosextremadura\/wp-json\/wp\/v2\/categories?post=4024"},{"taxonomy":"post_tag","embeddable":true,"href":"https:\/\/blogs.hoy.es\/senderosextremadura\/wp-json\/wp\/v2\/tags?post=4024"}],"curies":[{"name":"wp","href":"https:\/\/api.w.org\/{rel}","templated":true}]}}