{"id":4028,"date":"2017-05-10T16:23:42","date_gmt":"2017-05-10T16:23:42","guid":{"rendered":"http:\/\/blogs.hoy.es\/senderosextremadura\/?p=4028"},"modified":"2017-05-10T16:23:42","modified_gmt":"2017-05-10T16:23:42","slug":"ruta-de-los-dos-embalses-de-lacara-los-baldios","status":"publish","type":"post","link":"https:\/\/blogs.hoy.es\/senderosextremadura\/2017\/05\/10\/ruta-de-los-dos-embalses-de-lacara-los-baldios\/","title":{"rendered":"Ruta de los dos embalses de L\u00e1cara Los Bald\u00edos"},"content":{"rendered":"<p><a href=\"https:\/\/blogs.hoy.es\/senderosextremadura\/\"><img loading=\"lazy\" class=\"aligncenter size-full wp-image-4029\" title=\"\" src=\"\/senderosextremadura\/wp-content\/uploads\/sites\/22\/2017\/05\/vistas-aereas2.jpg\" alt=\"\" width=\"400\" height=\"250\" srcset=\"https:\/\/static-blogs.hoy.es\/wp-content\/uploads\/sites\/22\/2017\/05\/vistas-aereas2.jpg 400w, https:\/\/static-blogs.hoy.es\/wp-content\/uploads\/sites\/22\/2017\/05\/vistas-aereas2-300x188.jpg 300w\" sizes=\"(max-width: 400px) 100vw, 400px\" \/><\/a><\/p>\n<p>La <strong>Mancomunidad L\u00e1cara Los Bald\u00edos<\/strong> ha programado para el domingo 28 de mayo la <a href=\"http:\/\/senderoslacarabaldios.blogspot.com.es\/2017\/05\/ruta-los-2-embalses-paseo-familiar-28.html?spref=fb\" rel=\"external nofollow\">Ruta de los dos embalses<\/a>. Se trata de un paseo se\u00f1alizado, que incluye desayuno y punto de avituallamiento, adem\u00e1s de coche de apoyo, seguro de accidentes y aperitivo final. La cuota de inscripci\u00f3n es de seis euros. Se ha programado una ruta de 13 kil\u00f3metros en trazado circular y dificultad baja. Los caminantes ser\u00e1n recibidos a las 8.30 horas en el bar Los Chozos de Cordobilla de L\u00e1cara. All\u00ed desayunar\u00e1n para salir a las 9.30 horas. Durante el recorrido se podr\u00e1 disfrutar de los embalses de Horno Tejero y Boquer\u00f3n, en la zona de Camping municipal o Casa Rural Los Chozos.<\/p>\n<p><!--more-->El recorriendo comienza en la orilla este del gran embalse de Horno Tejero, llegando hasta la primera de sus colas por el arroyo de Arranca Jaras. Avanzando entre encinas y alcornoques por la dehesa, ir\u00e1n \u00a0girando hacia el Camino del Rinc\u00f3n para tomar despu\u00e9s la antigua carretera que muere en el tranquilo embalse de Boquer\u00f3n. Recorrer\u00e1n \u00a0sus orillas atravesando una zona de repoblaci\u00f3n de pinos desde el Arroyo del Rosal y la Mogollona para regresar al punto de inicio por la pista.<br \/>\nEn total un recorrido muy agradable que transita parajes bell\u00edsimos con abundante y variada avifauna.<br \/>\nTambi\u00e9n se ha organizado un paseo familiar de 4 kil\u00f3metros.<\/p>\n<p>&nbsp;<\/p>\n<p>Para m\u00e1s informaci\u00f3n se puede contactar con la organizaci\u00f3n en<\/p>\n<p><a href=\"mailto:senderoslacarabaldios@gmail.com\">oslacarabaldios@gmail.com<\/a>\u00a0Fernando (620557088) Raul (625029587)<\/p>\n<!-- AddThis Advanced Settings generic via filter on the_content --><!-- AddThis Share Buttons generic via filter on the_content -->","protected":false},"excerpt":{"rendered":"<p>La Mancomunidad L\u00e1cara Los Bald\u00edos ha programado para el domingo 28 de mayo la Ruta de los dos embalses. Se trata de un paseo se\u00f1alizado, que incluye desayuno y punto de avituallamiento, adem\u00e1s de coche de apoyo, seguro de accidentes y aperitivo final. La cuota de inscripci\u00f3n es de seis euros. Se ha programado una [&hellip;]<!-- AddThis Advanced Settings generic via filter on get_the_excerpt --><!-- AddThis Share Buttons generic via filter on get_the_excerpt --><\/p>\n","protected":false},"author":27,"featured_media":0,"comment_status":"open","ping_status":"closed","sticky":false,"template":"","format":"standard","meta":[],"categories":[3],"tags":[1143,817,906,944,1035],"_links":{"self":[{"href":"https:\/\/blogs.hoy.es\/senderosextremadura\/wp-json\/wp\/v2\/posts\/4028"}],"collection":[{"href":"https:\/\/blogs.hoy.es\/senderosextremadura\/wp-json\/wp\/v2\/posts"}],"about":[{"href":"https:\/\/blogs.hoy.es\/senderosextremadura\/wp-json\/wp\/v2\/types\/post"}],"author":[{"embeddable":true,"href":"https:\/\/blogs.hoy.es\/senderosextremadura\/wp-json\/wp\/v2\/users\/27"}],"replies":[{"embeddable":true,"href":"https:\/\/blogs.hoy.es\/senderosextremadura\/wp-json\/wp\/v2\/comments?post=4028"}],"version-history":[{"count":0,"href":"https:\/\/blogs.hoy.es\/senderosextremadura\/wp-json\/wp\/v2\/posts\/4028\/revisions"}],"wp:attachment":[{"href":"https:\/\/blogs.hoy.es\/senderosextremadura\/wp-json\/wp\/v2\/media?parent=4028"}],"wp:term":[{"taxonomy":"category","embeddable":true,"href":"https:\/\/blogs.hoy.es\/senderosextremadura\/wp-json\/wp\/v2\/categories?post=4028"},{"taxonomy":"post_tag","embeddable":true,"href":"https:\/\/blogs.hoy.es\/senderosextremadura\/wp-json\/wp\/v2\/tags?post=4028"}],"curies":[{"name":"wp","href":"https:\/\/api.w.org\/{rel}","templated":true}]}}