{"id":404,"date":"2012-04-18T15:55:42","date_gmt":"2012-04-18T15:55:42","guid":{"rendered":"http:\/\/blogs.hoy.es\/senderosextremadura\/?p=404"},"modified":"2012-04-18T15:55:42","modified_gmt":"2012-04-18T15:55:42","slug":"la-ruta-del-rey-jayon-auna-patrimonio-y-paisaje-29-de-abril","status":"publish","type":"post","link":"https:\/\/blogs.hoy.es\/senderosextremadura\/2012\/04\/18\/la-ruta-del-rey-jayon-auna-patrimonio-y-paisaje-29-de-abril\/","title":{"rendered":"La ruta del rey Jay\u00f3n a\u00fana patrimonio y paisaje (29 de abril)"},"content":{"rendered":"<h2><a href=\"https:\/\/blogs.hoy.es\/senderosextremadura\/2012\/04\/18\/la-ruta-del-rey-jayon-auna-patrimonio-y-paisaje-29-de-abril\/jayon\/\" rel=\"attachment wp-att-405\"><img loading=\"lazy\" class=\"alignright size-full wp-image-405\" title=\"JAYON\" src=\"\/senderosextremadura\/wp-content\/uploads\/sites\/22\/2012\/04\/JAYON.jpg\" alt=\"\" width=\"407\" height=\"594\" srcset=\"https:\/\/static-blogs.hoy.es\/wp-content\/uploads\/sites\/22\/2012\/04\/JAYON.jpg 582w, https:\/\/static-blogs.hoy.es\/wp-content\/uploads\/sites\/22\/2012\/04\/JAYON-205x300.jpg 205w\" sizes=\"(max-width: 407px) 100vw, 407px\" \/><\/a>El \u00faltimo domingo del mes de abril se celebra desde hace doce a\u00f1os la <strong>ruta senderista del Rey Jay\u00f3n<\/strong>. El itinerario, de<strong> 24 kil\u00f3metros<\/strong>, transcurre por la comarca de la <strong>Campi\u00f1a Sur<\/strong>, concretamente por los t\u00e9rminos municipales de Llerena, Casas de Reina, Reina y Fuente del Arco.<\/h2>\n<h2>Los senderistas interesados en participar en la ruta deben inscribirse enviando un correo con sus datos a <strong><a href=\"mailto:oficinaturismo@llerena.org\" target=\"_blank\">oficinaturismo@llerena.org<\/a><\/strong> Las inscripciones se recoger\u00e1n a las\u00a0 7:30 de la ma\u00f1ana en la puerta del ayuntamiento de Llerena. Despu\u00e9s, los participantes ser\u00e1n trasladados en autob\u00fas al monumento matural <strong>&#8220;Mina La Jayona&#8221;<\/strong>, en Fuente del Arco, punto donde arracar\u00e1 el itinerario que recorre parajes naturales y\u00a0 patrimonio hist\u00f3rico de la Campi\u00f1a Sur extreme\u00f1a.<\/h2>\n<h2>El trayecto se iniciar\u00e1 a partir de las ocho de la ma\u00f1ana en la <strong>plaza Mayor de Llerena<\/strong>, espacio emblem\u00e1tico de estilo mud\u00e9jar presidida por la iglesia de Nuestra Se\u00f1ora de la Granada. Desde all\u00ed los participantes se trasladar\u00e1n en autob\u00fas al monumento natural de la mina de la Jayona de origen romano, donde se visitar\u00e1 uno de los niveles. Desde la mina se iniciar\u00e1 la ruta propiamente dicha, recorriendo\u00a0 una pronunciada pendiente hasta alcanzar la ermita de Nuestra Se\u00f1ora del Ara, &#8220;considerada por muchos como la Capilla Sixtina de la baja Extremadura por la riqueza de sus frescos&#8221;, ha recordado Casta\u00f1o, para continuar por la ca\u00f1ada real de la ribera del Ara, atravesando las \u00faltimas estribaciones de Sierra Morena.<\/h2>\n<h2>\u00a0Una vez en <strong>Reina<\/strong>, los senderistas visitar\u00e1n su <strong>alcazaba \u00c1rabe<\/strong>, la ermita visigoda de la Virgen de las Nieves y el monolito en homenaje a la ex alcaldesa de la localidad, Cefe Gonz\u00e1lez, verdadera impulsora de la ruta y ferviente defensora del patrimonio del municipio. Seguidamente, la ruta se dirigir\u00e1 hasta la <strong>ciudad romana de Regina<\/strong>, donde se visitar\u00e1 el teatro romano. De all\u00ed se dirigir\u00e1n a Casas de Reina, donde el caminante tiene dos opciones, seguir la traves\u00eda hasta Llerena por terrenos llanos o llegar a este municipio atravesando la sierra.<\/h2>\n<h2>Habr\u00e1 tres puntos de avituallamiento que ofrecer\u00e1n fruta y agua, adem\u00e1s de un tentempi\u00e9 compuesto por gazpacho y embutidos que ser\u00e1 ofrecido una vez finalizada la caminata. Las personas con discapacidad que quieran participar en la ruta tambi\u00e9n pueden hacerlo por terrenos m\u00e1s llanos.<\/h2>\n<h2>La ruta se completa en unas seis horas. T\u00e9cnicamente no entra\u00f1a mucha dificultad, salvo por su longitud y el calor que puede hacer a \u00faltima hora de la ma\u00f1ana.<\/h2>\n<h2><strong>La participaci\u00f3n suele atraer de media a unos 1.000\u00a0 extreme\u00f1os y andaluces, bien individualmente o en grupos pertenecientes a diferentes asociaciones senderistas de la regi\u00f3n.<\/strong><\/h2>\n<h2>La ruta est\u00e1 organizada por estos ayuntamientos y por la Asociaci\u00f3n de Senderismo de Llerena \u201cAstoll\u201d. Colaboran la Diputaci\u00f3n de Badajoz, Alimentos de Extremadura, Feder y Extremadura Deporte de Base.<\/h2>\n<p>&nbsp;<\/p>\n<p>Env\u00eda tu ruta a <a href=\"mailto:senderismoextremadurahoy@gmail.com\"><strong>senderismoextremadurahoy@gmail.com<\/strong><\/a><\/p>\n<h2><\/h2>\n<!-- AddThis Advanced Settings generic via filter on the_content --><!-- AddThis Share Buttons generic via filter on the_content -->","protected":false},"excerpt":{"rendered":"<p>El \u00faltimo domingo del mes de abril se celebra desde hace doce a\u00f1os la ruta senderista del Rey Jay\u00f3n. El itinerario, de 24 kil\u00f3metros, transcurre por la comarca de la Campi\u00f1a Sur, concretamente por los t\u00e9rminos municipales de Llerena, Casas de Reina, Reina y Fuente del Arco. Los senderistas interesados en participar en la ruta [&hellip;]<!-- AddThis Advanced Settings generic via filter on get_the_excerpt --><!-- AddThis Share Buttons generic via filter on get_the_excerpt --><\/p>\n","protected":false},"author":27,"featured_media":0,"comment_status":"open","ping_status":"closed","sticky":false,"template":"","format":"standard","meta":[],"categories":[4],"tags":[60,72,86,142,327,416,453,501,683,713],"_links":{"self":[{"href":"https:\/\/blogs.hoy.es\/senderosextremadura\/wp-json\/wp\/v2\/posts\/404"}],"collection":[{"href":"https:\/\/blogs.hoy.es\/senderosextremadura\/wp-json\/wp\/v2\/posts"}],"about":[{"href":"https:\/\/blogs.hoy.es\/senderosextremadura\/wp-json\/wp\/v2\/types\/post"}],"author":[{"embeddable":true,"href":"https:\/\/blogs.hoy.es\/senderosextremadura\/wp-json\/wp\/v2\/users\/27"}],"replies":[{"embeddable":true,"href":"https:\/\/blogs.hoy.es\/senderosextremadura\/wp-json\/wp\/v2\/comments?post=404"}],"version-history":[{"count":0,"href":"https:\/\/blogs.hoy.es\/senderosextremadura\/wp-json\/wp\/v2\/posts\/404\/revisions"}],"wp:attachment":[{"href":"https:\/\/blogs.hoy.es\/senderosextremadura\/wp-json\/wp\/v2\/media?parent=404"}],"wp:term":[{"taxonomy":"category","embeddable":true,"href":"https:\/\/blogs.hoy.es\/senderosextremadura\/wp-json\/wp\/v2\/categories?post=404"},{"taxonomy":"post_tag","embeddable":true,"href":"https:\/\/blogs.hoy.es\/senderosextremadura\/wp-json\/wp\/v2\/tags?post=404"}],"curies":[{"name":"wp","href":"https:\/\/api.w.org\/{rel}","templated":true}]}}