{"id":4044,"date":"2017-05-18T18:26:28","date_gmt":"2017-05-18T18:26:28","guid":{"rendered":"http:\/\/blogs.hoy.es\/senderosextremadura\/?p=4044"},"modified":"2017-05-19T14:17:07","modified_gmt":"2017-05-19T14:17:07","slug":"ruta-circular-por-la-villa-romana-de-monroy","status":"publish","type":"post","link":"https:\/\/blogs.hoy.es\/senderosextremadura\/2017\/05\/18\/ruta-circular-por-la-villa-romana-de-monroy\/","title":{"rendered":"Ruta circular por la villa romana de Monroy"},"content":{"rendered":"<p><img loading=\"lazy\" class=\"aligncenter size-medium wp-image-4048\" src=\"https:\/\/static-blogs.hoy.es\/wp-content\/uploads\/sites\/22\/2017\/05\/yacimiento-romano-monroy-300x225.jpg\" alt=\"yacimiento-romano-monroy\" width=\"300\" height=\"225\" srcset=\"https:\/\/static-blogs.hoy.es\/wp-content\/uploads\/sites\/22\/2017\/05\/yacimiento-romano-monroy-300x225.jpg 300w, https:\/\/static-blogs.hoy.es\/wp-content\/uploads\/sites\/22\/2017\/05\/yacimiento-romano-monroy-768x576.jpg 768w, https:\/\/static-blogs.hoy.es\/wp-content\/uploads\/sites\/22\/2017\/05\/yacimiento-romano-monroy-600x450.jpg 600w, https:\/\/static-blogs.hoy.es\/wp-content\/uploads\/sites\/22\/2017\/05\/yacimiento-romano-monroy.jpg 900w\" sizes=\"(max-width: 300px) 100vw, 300px\" \/><\/p>\n<div id=\"attachment_4047\" style=\"width: 310px\" class=\"wp-caption aligncenter\"><img aria-describedby=\"caption-attachment-4047\" loading=\"lazy\" class=\"size-medium wp-image-4047\" src=\"https:\/\/static-blogs.hoy.es\/wp-content\/uploads\/sites\/22\/2017\/05\/yacimento-300x225.jpg\" alt=\"Yacimiento romano de Monroy:: JES\u00daS MIGUEL ALBARR\u00c1N\" width=\"300\" height=\"225\" srcset=\"https:\/\/static-blogs.hoy.es\/wp-content\/uploads\/sites\/22\/2017\/05\/yacimento-300x225.jpg 300w, https:\/\/static-blogs.hoy.es\/wp-content\/uploads\/sites\/22\/2017\/05\/yacimento-768x576.jpg 768w, https:\/\/static-blogs.hoy.es\/wp-content\/uploads\/sites\/22\/2017\/05\/yacimento-600x450.jpg 600w, https:\/\/static-blogs.hoy.es\/wp-content\/uploads\/sites\/22\/2017\/05\/yacimento.jpg 900w\" sizes=\"(max-width: 300px) 100vw, 300px\" \/><p id=\"caption-attachment-4047\" class=\"wp-caption-text\">Yacimiento romano de Monroy:: JES\u00daS MIGUEL ALBARR\u00c1N<\/p><\/div>\n<p>La <strong>Oficina de Turismo de Monroy<\/strong> ha organizado para el pr\u00f3ximo <strong>s\u00e1bado 3 de junio<\/strong> una ruta circular de diez kil\u00f3metros para conocer la villa romana de Los T\u00e9rminos. Los senderistas saldr\u00e1n a las ocho de la ma\u00f1ana desde la <strong>plaza de Espa\u00f1a<\/strong> de la localidad y recorrer\u00e1n las traseras del castillo, La Amapola, la fuente el Corchito y el arroyo de Monroy. <!--more-->Una \u00a0vez en la villa romana se realizar\u00e1 una visita guiada a los <strong>complejos norte y sur<\/strong>. La caminata finalizar\u00e1 entre las once y las doce en el punto de salida. La dificultad es media-baja. La actividad es gratuita y solo se requiere puntualidad e ir bien equipado.<\/p>\n<p>&nbsp;<\/p>\n<!-- AddThis Advanced Settings generic via filter on the_content --><!-- AddThis Share Buttons generic via filter on the_content -->","protected":false},"excerpt":{"rendered":"<p>La Oficina de Turismo de Monroy ha organizado para el pr\u00f3ximo s\u00e1bado 3 de junio una ruta circular de diez kil\u00f3metros para conocer la villa romana de Los T\u00e9rminos. Los senderistas saldr\u00e1n a las ocho de la ma\u00f1ana desde la plaza de Espa\u00f1a de la localidad y recorrer\u00e1n las traseras del castillo, La Amapola, la [&hellip;]<!-- AddThis Advanced Settings generic via filter on get_the_excerpt --><!-- AddThis Share Buttons generic via filter on get_the_excerpt --><\/p>\n","protected":false},"author":27,"featured_media":0,"comment_status":"open","ping_status":"closed","sticky":false,"template":"","format":"standard","meta":[],"categories":[4],"tags":[1149,1147,656,713,1150,792,906,1035,1148],"_links":{"self":[{"href":"https:\/\/blogs.hoy.es\/senderosextremadura\/wp-json\/wp\/v2\/posts\/4044"}],"collection":[{"href":"https:\/\/blogs.hoy.es\/senderosextremadura\/wp-json\/wp\/v2\/posts"}],"about":[{"href":"https:\/\/blogs.hoy.es\/senderosextremadura\/wp-json\/wp\/v2\/types\/post"}],"author":[{"embeddable":true,"href":"https:\/\/blogs.hoy.es\/senderosextremadura\/wp-json\/wp\/v2\/users\/27"}],"replies":[{"embeddable":true,"href":"https:\/\/blogs.hoy.es\/senderosextremadura\/wp-json\/wp\/v2\/comments?post=4044"}],"version-history":[{"count":4,"href":"https:\/\/blogs.hoy.es\/senderosextremadura\/wp-json\/wp\/v2\/posts\/4044\/revisions"}],"predecessor-version":[{"id":4051,"href":"https:\/\/blogs.hoy.es\/senderosextremadura\/wp-json\/wp\/v2\/posts\/4044\/revisions\/4051"}],"wp:attachment":[{"href":"https:\/\/blogs.hoy.es\/senderosextremadura\/wp-json\/wp\/v2\/media?parent=4044"}],"wp:term":[{"taxonomy":"category","embeddable":true,"href":"https:\/\/blogs.hoy.es\/senderosextremadura\/wp-json\/wp\/v2\/categories?post=4044"},{"taxonomy":"post_tag","embeddable":true,"href":"https:\/\/blogs.hoy.es\/senderosextremadura\/wp-json\/wp\/v2\/tags?post=4044"}],"curies":[{"name":"wp","href":"https:\/\/api.w.org\/{rel}","templated":true}]}}