{"id":4052,"date":"2017-05-29T11:56:09","date_gmt":"2017-05-29T11:56:09","guid":{"rendered":"http:\/\/blogs.hoy.es\/senderosextremadura\/?p=4052"},"modified":"2017-05-29T12:14:44","modified_gmt":"2017-05-29T12:14:44","slug":"plasencia-camina-por-el-cancer-prostata","status":"publish","type":"post","link":"https:\/\/blogs.hoy.es\/senderosextremadura\/2017\/05\/29\/plasencia-camina-por-el-cancer-prostata\/","title":{"rendered":"Plasencia camina por el c\u00e1ncer pr\u00f3stata"},"content":{"rendered":"<p>El colectivo El Bord\u00f3n de Plasencia y la delegaci\u00f3n placentina de la Asociaci\u00f3n Oncol\u00f3gica Extreme\u00f1a (Aoex) han unido esfuerzos para dar visibilidad al c\u00e1ncer de pr\u00f3stata, apoyados en una actividad senderista. <!--more-->Ese domingo se celebra en la capital del Jerte la primera Ruta Solidaria Marea Verde, que bajo el lema &#8216;Poniendo cara el c\u00e1ncer de pr\u00f3stata&#8217; se celebrar\u00e1 bajo la coordinaci\u00f3n del colectivo local El Bord\u00f3n. La ruta recorrer\u00e1 ocho kil\u00f3metros, con salida a las 9:00 horas desde la puerta de la catedral.<\/p>\n<!-- AddThis Advanced Settings generic via filter on the_content --><!-- AddThis Share Buttons generic via filter on the_content -->","protected":false},"excerpt":{"rendered":"<p>El colectivo El Bord\u00f3n de Plasencia y la delegaci\u00f3n placentina de la Asociaci\u00f3n Oncol\u00f3gica Extreme\u00f1a (Aoex) han unido esfuerzos para dar visibilidad al c\u00e1ncer de pr\u00f3stata, apoyados en una actividad senderista.<!-- AddThis Advanced Settings generic via filter on get_the_excerpt --><!-- AddThis Share Buttons generic via filter on get_the_excerpt --><\/p>\n","protected":false},"author":27,"featured_media":0,"comment_status":"open","ping_status":"closed","sticky":false,"template":"","format":"standard","meta":[],"categories":[3],"tags":[1151,639,713,906,997],"_links":{"self":[{"href":"https:\/\/blogs.hoy.es\/senderosextremadura\/wp-json\/wp\/v2\/posts\/4052"}],"collection":[{"href":"https:\/\/blogs.hoy.es\/senderosextremadura\/wp-json\/wp\/v2\/posts"}],"about":[{"href":"https:\/\/blogs.hoy.es\/senderosextremadura\/wp-json\/wp\/v2\/types\/post"}],"author":[{"embeddable":true,"href":"https:\/\/blogs.hoy.es\/senderosextremadura\/wp-json\/wp\/v2\/users\/27"}],"replies":[{"embeddable":true,"href":"https:\/\/blogs.hoy.es\/senderosextremadura\/wp-json\/wp\/v2\/comments?post=4052"}],"version-history":[{"count":1,"href":"https:\/\/blogs.hoy.es\/senderosextremadura\/wp-json\/wp\/v2\/posts\/4052\/revisions"}],"predecessor-version":[{"id":4053,"href":"https:\/\/blogs.hoy.es\/senderosextremadura\/wp-json\/wp\/v2\/posts\/4052\/revisions\/4053"}],"wp:attachment":[{"href":"https:\/\/blogs.hoy.es\/senderosextremadura\/wp-json\/wp\/v2\/media?parent=4052"}],"wp:term":[{"taxonomy":"category","embeddable":true,"href":"https:\/\/blogs.hoy.es\/senderosextremadura\/wp-json\/wp\/v2\/categories?post=4052"},{"taxonomy":"post_tag","embeddable":true,"href":"https:\/\/blogs.hoy.es\/senderosextremadura\/wp-json\/wp\/v2\/tags?post=4052"}],"curies":[{"name":"wp","href":"https:\/\/api.w.org\/{rel}","templated":true}]}}