{"id":4056,"date":"2017-06-01T10:56:05","date_gmt":"2017-06-01T10:56:05","guid":{"rendered":"http:\/\/blogs.hoy.es\/senderosextremadura\/?p=4056"},"modified":"2017-06-01T10:56:05","modified_gmt":"2017-06-01T10:56:05","slug":"la-fiesta-de-la-dehesa-incluye-una-ruta-entre-toril-la-herguijuela-y-mirabel","status":"publish","type":"post","link":"https:\/\/blogs.hoy.es\/senderosextremadura\/2017\/06\/01\/la-fiesta-de-la-dehesa-incluye-una-ruta-entre-toril-la-herguijuela-y-mirabel\/","title":{"rendered":"La Fiesta de la Dehesa incluye una ruta entre Toril, La Herguijuela y Mirabel"},"content":{"rendered":"<div id=\"attachment_4057\" style=\"width: 310px\" class=\"wp-caption aligncenter\"><img aria-describedby=\"caption-attachment-4057\" loading=\"lazy\" class=\"size-medium wp-image-4057\" src=\"https:\/\/static-blogs.hoy.es\/wp-content\/uploads\/sites\/22\/2017\/06\/toril-dehesa-300x200.jpg\" alt=\"Ruta por la dehesa de Toril.: HOY\" width=\"300\" height=\"200\" srcset=\"https:\/\/static-blogs.hoy.es\/wp-content\/uploads\/sites\/22\/2017\/06\/toril-dehesa-300x200.jpg 300w, https:\/\/static-blogs.hoy.es\/wp-content\/uploads\/sites\/22\/2017\/06\/toril-dehesa-768x512.jpg 768w, https:\/\/static-blogs.hoy.es\/wp-content\/uploads\/sites\/22\/2017\/06\/toril-dehesa-600x400.jpg 600w, https:\/\/static-blogs.hoy.es\/wp-content\/uploads\/sites\/22\/2017\/06\/toril-dehesa.jpg 900w\" sizes=\"(max-width: 300px) 100vw, 300px\" \/><p id=\"caption-attachment-4057\" class=\"wp-caption-text\">Ruta por la dehesa de Toril.: HOY<\/p><\/div>\n<p>La peque\u00f1a poblaci\u00f3n de Toril celebra este fin de semana la fiesta que viene realizando en los \u00faltimos a\u00f1os en homenaje a la dehesa y al r\u00edo Ti\u00e9tar.<\/p>\n<p>El programa del s\u00e1bado comenzar\u00e1 con una ruta senderista entre Toril, La Herguijuela y Mirabel, de unas cuatro horas y media de duraci\u00f3n, con plazas limitadas. A las doce y media volver\u00e1 el cine extreme\u00f1o con &#8216;Un novio para Yasmina&#8217; y &#8216;Gentuza&#8217;.<!--more--><\/p>\n<p>Las citas de la tarde arrancar\u00e1n a las cinco con actividades infantiles, para continuar a las siete con la VI Jornada de Folklore Extreme\u00f1o en la que actuar\u00e1n los grupos Luz Chinata, de Malpartida de Plasencia; Salmorena, de Majadas de Ti\u00e9tar, y La Andariega, de Casatejada.<\/p>\n<p>Por la noche habr\u00e1 una barbacoa popular a cargo del taller de empleo &#8216;Sabores del Campo Ara\u00f1uelo&#8217;, para terminar con una verbena con el tr\u00edo Agua Clara.<\/p>\n<!-- AddThis Advanced Settings generic via filter on the_content --><!-- AddThis Share Buttons generic via filter on the_content -->","protected":false},"excerpt":{"rendered":"<p>La peque\u00f1a poblaci\u00f3n de Toril celebra este fin de semana la fiesta que viene realizando en los \u00faltimos a\u00f1os en homenaje a la dehesa y al r\u00edo Ti\u00e9tar. El programa del s\u00e1bado comenzar\u00e1 con una ruta senderista entre Toril, La Herguijuela y Mirabel, de unas cuatro horas y media de duraci\u00f3n, con plazas limitadas. A [&hellip;]<!-- AddThis Advanced Settings generic via filter on get_the_excerpt --><!-- AddThis Share Buttons generic via filter on get_the_excerpt --><\/p>\n","protected":false},"author":27,"featured_media":0,"comment_status":"open","ping_status":"closed","sticky":false,"template":"","format":"standard","meta":[],"categories":[4],"tags":[1153,505,792,906,1152],"_links":{"self":[{"href":"https:\/\/blogs.hoy.es\/senderosextremadura\/wp-json\/wp\/v2\/posts\/4056"}],"collection":[{"href":"https:\/\/blogs.hoy.es\/senderosextremadura\/wp-json\/wp\/v2\/posts"}],"about":[{"href":"https:\/\/blogs.hoy.es\/senderosextremadura\/wp-json\/wp\/v2\/types\/post"}],"author":[{"embeddable":true,"href":"https:\/\/blogs.hoy.es\/senderosextremadura\/wp-json\/wp\/v2\/users\/27"}],"replies":[{"embeddable":true,"href":"https:\/\/blogs.hoy.es\/senderosextremadura\/wp-json\/wp\/v2\/comments?post=4056"}],"version-history":[{"count":1,"href":"https:\/\/blogs.hoy.es\/senderosextremadura\/wp-json\/wp\/v2\/posts\/4056\/revisions"}],"predecessor-version":[{"id":4058,"href":"https:\/\/blogs.hoy.es\/senderosextremadura\/wp-json\/wp\/v2\/posts\/4056\/revisions\/4058"}],"wp:attachment":[{"href":"https:\/\/blogs.hoy.es\/senderosextremadura\/wp-json\/wp\/v2\/media?parent=4056"}],"wp:term":[{"taxonomy":"category","embeddable":true,"href":"https:\/\/blogs.hoy.es\/senderosextremadura\/wp-json\/wp\/v2\/categories?post=4056"},{"taxonomy":"post_tag","embeddable":true,"href":"https:\/\/blogs.hoy.es\/senderosextremadura\/wp-json\/wp\/v2\/tags?post=4056"}],"curies":[{"name":"wp","href":"https:\/\/api.w.org\/{rel}","templated":true}]}}