{"id":4062,"date":"2017-06-28T15:54:09","date_gmt":"2017-06-28T15:54:09","guid":{"rendered":"http:\/\/blogs.hoy.es\/senderosextremadura\/?p=4062"},"modified":"2017-06-28T15:54:09","modified_gmt":"2017-06-28T15:54:09","slug":"ruta-nocturna-al-tietar","status":"publish","type":"post","link":"https:\/\/blogs.hoy.es\/senderosextremadura\/2017\/06\/28\/ruta-nocturna-al-tietar\/","title":{"rendered":"Ruta nocturna al Ti\u00e9tar"},"content":{"rendered":"<p><img loading=\"lazy\" class=\"aligncenter size-medium wp-image-4063\" src=\"https:\/\/static-blogs.hoy.es\/wp-content\/uploads\/sites\/22\/2017\/06\/IMG-20170627-WA0001-300x199.jpg\" alt=\"img-20170627-wa0001\" width=\"300\" height=\"199\" srcset=\"https:\/\/static-blogs.hoy.es\/wp-content\/uploads\/sites\/22\/2017\/06\/IMG-20170627-WA0001-300x199.jpg 300w, https:\/\/static-blogs.hoy.es\/wp-content\/uploads\/sites\/22\/2017\/06\/IMG-20170627-WA0001-600x398.jpg 600w, https:\/\/static-blogs.hoy.es\/wp-content\/uploads\/sites\/22\/2017\/06\/IMG-20170627-WA0001.jpg 720w\" sizes=\"(max-width: 300px) 100vw, 300px\" \/><\/p>\n<p>LUIS MIGUEL MART\u00cdN | Las zonas naturales m\u00e1s representativas de Talayuela acoger\u00e1n el pr\u00f3ximo viernes 30 de junio una nueva edici\u00f3n de la Ruta Nocturna de Senderismo que cada verano organiza el Club Senderista Talayuela.<\/p>\n<p>La salida se realizar\u00e1 desde el \u201cKiosko de Juanjo\u201d a las 21.00 horas y a partir de ah\u00ed realizar\u00e1 un recorrido de unos 10 kil\u00f3metros aproximadamente, seg\u00fan informa el Club Senderista.<\/p>\n<p>La Ruta Nocturna es una de las actividades veraniegas m\u00e1s esperadas, siendo de dificultad baja, es un paseo nocturno muy agradable para hacer acompa\u00f1ado de familiares o amigos y en esta edici\u00f3n contar\u00e1 con un nuevo recorrido.<\/p>\n<div id=\"layer-inpage\" data-google-query-id=\"CIWkhp_y4NQCFZWNGwodzzsIZA\">\n<div id=\"google_ads_iframe_\/4900\/vocento.hoy\/talayuela\/\/barrios_6__container__\">\u00a0M\u00e1s informaci\u00f3n, en <a href=\"http:\/\/talayuela.hoy.es\/noticias\/201706\/28\/este-viernes-llega-nueva-20170628122946.html\" rel=\"external nofollow\">HoyTalayuela<\/a>.<\/div>\n<\/div>\n<!-- AddThis Advanced Settings generic via filter on the_content --><!-- AddThis Share Buttons generic via filter on the_content -->","protected":false},"excerpt":{"rendered":"<p>LUIS MIGUEL MART\u00cdN | Las zonas naturales m\u00e1s representativas de Talayuela acoger\u00e1n el pr\u00f3ximo viernes 30 de junio una nueva edici\u00f3n de la Ruta Nocturna de Senderismo que cada verano organiza el Club Senderista Talayuela. La salida se realizar\u00e1 desde el \u201cKiosko de Juanjo\u201d a las 21.00 horas y a partir de ah\u00ed realizar\u00e1 un [&hellip;]<!-- AddThis Advanced Settings generic via filter on get_the_excerpt --><!-- AddThis Share Buttons generic via filter on get_the_excerpt --><\/p>\n","protected":false},"author":27,"featured_media":0,"comment_status":"open","ping_status":"closed","sticky":false,"template":"","format":"standard","meta":[],"categories":[4],"tags":[792,1156],"_links":{"self":[{"href":"https:\/\/blogs.hoy.es\/senderosextremadura\/wp-json\/wp\/v2\/posts\/4062"}],"collection":[{"href":"https:\/\/blogs.hoy.es\/senderosextremadura\/wp-json\/wp\/v2\/posts"}],"about":[{"href":"https:\/\/blogs.hoy.es\/senderosextremadura\/wp-json\/wp\/v2\/types\/post"}],"author":[{"embeddable":true,"href":"https:\/\/blogs.hoy.es\/senderosextremadura\/wp-json\/wp\/v2\/users\/27"}],"replies":[{"embeddable":true,"href":"https:\/\/blogs.hoy.es\/senderosextremadura\/wp-json\/wp\/v2\/comments?post=4062"}],"version-history":[{"count":1,"href":"https:\/\/blogs.hoy.es\/senderosextremadura\/wp-json\/wp\/v2\/posts\/4062\/revisions"}],"predecessor-version":[{"id":4064,"href":"https:\/\/blogs.hoy.es\/senderosextremadura\/wp-json\/wp\/v2\/posts\/4062\/revisions\/4064"}],"wp:attachment":[{"href":"https:\/\/blogs.hoy.es\/senderosextremadura\/wp-json\/wp\/v2\/media?parent=4062"}],"wp:term":[{"taxonomy":"category","embeddable":true,"href":"https:\/\/blogs.hoy.es\/senderosextremadura\/wp-json\/wp\/v2\/categories?post=4062"},{"taxonomy":"post_tag","embeddable":true,"href":"https:\/\/blogs.hoy.es\/senderosextremadura\/wp-json\/wp\/v2\/tags?post=4062"}],"curies":[{"name":"wp","href":"https:\/\/api.w.org\/{rel}","templated":true}]}}