{"id":4065,"date":"2017-07-05T21:50:25","date_gmt":"2017-07-05T21:50:25","guid":{"rendered":"http:\/\/blogs.hoy.es\/senderosextremadura\/?p=4065"},"modified":"2017-07-05T21:54:53","modified_gmt":"2017-07-05T21:54:53","slug":"alange-celebra-el-sabado-su-ruto-de-la-luna-marinera","status":"publish","type":"post","link":"https:\/\/blogs.hoy.es\/senderosextremadura\/2017\/07\/05\/alange-celebra-el-sabado-su-ruto-de-la-luna-marinera\/","title":{"rendered":"Alange celebra el s\u00e1bado su ruta de la Luna Marinera"},"content":{"rendered":"<p><img loading=\"lazy\" class=\"aligncenter size-medium wp-image-4067\" src=\"https:\/\/static-blogs.hoy.es\/wp-content\/uploads\/sites\/22\/2017\/07\/UNA-MARINERA-300x157.jpg\" alt=\"una-marinera\" width=\"300\" height=\"157\" srcset=\"https:\/\/static-blogs.hoy.es\/wp-content\/uploads\/sites\/22\/2017\/07\/UNA-MARINERA-300x157.jpg 300w, https:\/\/static-blogs.hoy.es\/wp-content\/uploads\/sites\/22\/2017\/07\/UNA-MARINERA-768x402.jpg 768w, https:\/\/static-blogs.hoy.es\/wp-content\/uploads\/sites\/22\/2017\/07\/UNA-MARINERA-600x314.jpg 600w, https:\/\/static-blogs.hoy.es\/wp-content\/uploads\/sites\/22\/2017\/07\/UNA-MARINERA.jpg 803w\" sizes=\"(max-width: 300px) 100vw, 300px\" \/><\/p>\n<p>La Asociaci\u00f3n Senderista y Cultural \u201cPata del Buey\u201d de Alange celebra el pr\u00f3ximo 8 de julio la VII Ruta Senderista Nocturna \u201cLuna Marinera\u201d.<br \/>\nLa concentraci\u00f3n de senderistas ser\u00e1 a partir de las 21:00 horas y el comienzo de la ruta tendr\u00e1 lugar a las 22:00 horas desde la Playa del Embalse de Alange, ubicada en la Carretera de Palomas, junto a la piscina municipal. Desde all\u00ed se recorrer\u00e1n 8 km de baja dificultad siempre cerca del gran mar interior que origina Embalse de Alange, dividi\u00e9ndose el recorrido en mitad tramos urbanos y mitad tramos de campo a lo largo de los cuales se mostrar\u00e1 la riqueza patrimonial y medioambiental de esta Villa Termal.<br \/>\nPartiendo a la ca\u00edda del sol, el paseo fluvial conducir\u00e1 al senderista por la orilla del embalse hacia la parte alta de la poblaci\u00f3n, teniendo siempre de frente al imponente cerro del Castillo de la Culebra coronado por su fortaleza de Hisn Al-Hanash. <!--more-->Dentro del casco urbano podr\u00e1n disfrutar de paseos ajardinados, de arquitectura popular con empinadas calles, de la Iglesia de Ntra. Sra. de los Milagros declarada Monumento de Inter\u00e9s Hist\u00f3rico Art\u00edstico por su estilo mud\u00e9jar, y una vez en el punto m\u00e1s alto del pueblo, \u201cLos Canchos de los Toros\u201d ofrecer\u00e1n vistas nocturnas casi a\u00e9reas de la parte antigua de la poblaci\u00f3n y del pantano con reflejos de la luna llena. A partir de este punto es necesario encender la linterna por salir la ruta de la poblaci\u00f3n para adentrarse en el Valle de la Jabata, lugar donde se podr\u00e1n escuchar los sonidos de la fauna nocturna que habita en esta Zona de Especial Protecci\u00f3n para las Aves conocida como \u201cSierras Centrales y Embalse de Alange\u201d. Pero si cabe, es a lo largo de los estrechos senderos de este tramo, donde se presenciar\u00e1 uno de los espect\u00e1culos m\u00e1s preciosos de la ruta, una hilera de luminarias que como luci\u00e9rnagas crear\u00e1n los propios expedicionarios y podr\u00e1n contemplar con s\u00f3lo mirar un momento hacia atr\u00e1s en cada giro del sendero. Una vez de vuelta a la poblaci\u00f3n, la Ermita de San Bartolom\u00e9 recibir\u00e1 a tantos peregrinos como acud\u00edan all\u00e1 por el siglo XVII para ganar el jubileo en este templo pudi\u00e9ndose fotografiar con los personajes de la recreaci\u00f3n hist\u00f3rica de estos antiguos festejos que se celebran en Alange a finales de agosto, siendo el siguiente paso, la visita programada por el interior del Balneario de Alange donde los senderistas retroceder\u00e1n a\u00fan m\u00e1s en el tiempo hasta el siglo tercero, gozando de sus Termas Romanas declaradas Patrimonio de la Humanidad por la UNESCO y de sus hermosos y cuidados jardines terap\u00e9uticos, pudi\u00e9ndose encontrar con algunos personajes de la \u00e9poca a lo largo del recorrido.<br \/>\nLa ruta terminar\u00e1 entorno a la media noche, dando paso a una fiesta playera con m\u00fasica, animaci\u00f3n y un aperitivo para todos los asistentes, junto a la costa dulce de Alange y bajo la luz de la luna llena.<br \/>\n\u25ba RUTA ALTERNATIVA ESPECIAL PARA GRUPOS DE SENDERISTAS CON DIVERSIDAD FUNCIONAL:<br \/>\nAdem\u00e1s de la ruta oficial, existe una \u201cruta alternativa\u201d dirigida a personas con diversidad funcional y ni\u00f1os (obligatorio ir acompa\u00f1ados). Se desarrollar\u00e1 de forma paralela a la ruta anterior, estando adaptada a las posibilidades de estas personas, mediante la planificaci\u00f3n de un recorrido con trayecto corto de 3km. Este recorrido alternativo discurre por acerado, calles y camino de tierra ancho (1km) con una zona de bajada pronunciada (200m, 30m de desnivel).<br \/>\nM\u00e1s info: http:\/\/rutalunalange.blogspot.com.es\/<\/p>\n<p>&nbsp;<\/p>\n<p>&nbsp;<\/p>\n<!-- AddThis Advanced Settings generic via filter on the_content --><!-- AddThis Share Buttons generic via filter on the_content -->","protected":false},"excerpt":{"rendered":"<p>La Asociaci\u00f3n Senderista y Cultural \u201cPata del Buey\u201d de Alange celebra el pr\u00f3ximo 8 de julio la VII Ruta Senderista Nocturna \u201cLuna Marinera\u201d. La concentraci\u00f3n de senderistas ser\u00e1 a partir de las 21:00 horas y el comienzo de la ruta tendr\u00e1 lugar a las 22:00 horas desde la Playa del Embalse de Alange, ubicada en [&hellip;]<!-- AddThis Advanced Settings generic via filter on get_the_excerpt --><!-- AddThis Share Buttons generic via filter on get_the_excerpt --><\/p>\n","protected":false},"author":27,"featured_media":0,"comment_status":"open","ping_status":"closed","sticky":false,"template":"","format":"standard","meta":[],"categories":[4],"tags":[20,301,713,759,906,944],"_links":{"self":[{"href":"https:\/\/blogs.hoy.es\/senderosextremadura\/wp-json\/wp\/v2\/posts\/4065"}],"collection":[{"href":"https:\/\/blogs.hoy.es\/senderosextremadura\/wp-json\/wp\/v2\/posts"}],"about":[{"href":"https:\/\/blogs.hoy.es\/senderosextremadura\/wp-json\/wp\/v2\/types\/post"}],"author":[{"embeddable":true,"href":"https:\/\/blogs.hoy.es\/senderosextremadura\/wp-json\/wp\/v2\/users\/27"}],"replies":[{"embeddable":true,"href":"https:\/\/blogs.hoy.es\/senderosextremadura\/wp-json\/wp\/v2\/comments?post=4065"}],"version-history":[{"count":4,"href":"https:\/\/blogs.hoy.es\/senderosextremadura\/wp-json\/wp\/v2\/posts\/4065\/revisions"}],"predecessor-version":[{"id":4070,"href":"https:\/\/blogs.hoy.es\/senderosextremadura\/wp-json\/wp\/v2\/posts\/4065\/revisions\/4070"}],"wp:attachment":[{"href":"https:\/\/blogs.hoy.es\/senderosextremadura\/wp-json\/wp\/v2\/media?parent=4065"}],"wp:term":[{"taxonomy":"category","embeddable":true,"href":"https:\/\/blogs.hoy.es\/senderosextremadura\/wp-json\/wp\/v2\/categories?post=4065"},{"taxonomy":"post_tag","embeddable":true,"href":"https:\/\/blogs.hoy.es\/senderosextremadura\/wp-json\/wp\/v2\/tags?post=4065"}],"curies":[{"name":"wp","href":"https:\/\/api.w.org\/{rel}","templated":true}]}}