{"id":4072,"date":"2017-07-28T07:59:48","date_gmt":"2017-07-28T07:59:48","guid":{"rendered":"http:\/\/blogs.hoy.es\/senderosextremadura\/?p=4072"},"modified":"2017-07-28T07:59:48","modified_gmt":"2017-07-28T07:59:48","slug":"ruta-nocturna-por-la-sierra-de-arroyo-de-san-servan","status":"publish","type":"post","link":"https:\/\/blogs.hoy.es\/senderosextremadura\/2017\/07\/28\/ruta-nocturna-por-la-sierra-de-arroyo-de-san-servan\/","title":{"rendered":"Ruta nocturna por la Sierra de Arroyo de San Serv\u00e1n"},"content":{"rendered":"<p><strong>Arroyo de San Serv\u00e1n<\/strong> ha organizado para el 19 de agosto una ruta nocturna circular por su sierra. Cabe recordar que la sierra fue <a href=\"http:\/\/www.hoy.es\/prov-badajoz\/declarado-extingido-incendio-20170725123357-nt.html\" rel=\"external nofollow\">arrasada por un incendio hace unos d\u00edas<\/a>. Habr\u00e1 sorteos, regalos, comida y una fiesta nocturna. Los caminantes saldr\u00e1n a las 21 horas desde la piscina municipal.<\/p>\n<p>Las inscripciones pueden realizarse hasta el 17 de agosto realizando un ingreso de seis euros -con seguro inclu\u00eddo- en una cuenta de Caja Rural de Extremadura (ES82 3009 0017 7425 1350 1110). En el concepto hay que indicar nombre, apellidos, DNI y localidad.<\/p>\n<p>Se recomienda llevar buen calzado, linterna frontal, chaleco reflectante, pantalones largos y abundante agua. Esta actividad ha sido organizada por la Asociaci\u00f3n de Amas de Casa Carolina Coronado, con la colaboraci\u00f3n de la Concejal\u00eda de Deportes del Ayuntamiento de Arroyo de San Serv\u00e1n.<\/p>\n<p>&nbsp;<\/p>\n<p><img loading=\"lazy\" class=\"aligncenter size-medium wp-image-4073\" src=\"https:\/\/static-blogs.hoy.es\/wp-content\/uploads\/sites\/22\/2017\/07\/20216699_1391830580894243_1583097806_o-225x300.jpg\" alt=\"20216699_1391830580894243_1583097806_o\" width=\"225\" height=\"300\" srcset=\"https:\/\/static-blogs.hoy.es\/wp-content\/uploads\/sites\/22\/2017\/07\/20216699_1391830580894243_1583097806_o-225x300.jpg 225w, https:\/\/static-blogs.hoy.es\/wp-content\/uploads\/sites\/22\/2017\/07\/20216699_1391830580894243_1583097806_o-768x1024.jpg 768w, https:\/\/static-blogs.hoy.es\/wp-content\/uploads\/sites\/22\/2017\/07\/20216699_1391830580894243_1583097806_o-600x800.jpg 600w, https:\/\/static-blogs.hoy.es\/wp-content\/uploads\/sites\/22\/2017\/07\/20216699_1391830580894243_1583097806_o.jpg 1536w\" sizes=\"(max-width: 225px) 100vw, 225px\" \/><\/p>\n<!-- AddThis Advanced Settings generic via filter on the_content --><!-- AddThis Share Buttons generic via filter on the_content -->","protected":false},"excerpt":{"rendered":"<p>Arroyo de San Serv\u00e1n ha organizado para el 19 de agosto una ruta nocturna circular por su sierra. Cabe recordar que la sierra fue arrasada por un incendio hace unos d\u00edas. Habr\u00e1 sorteos, regalos, comida y una fiesta nocturna. Los caminantes saldr\u00e1n a las 21 horas desde la piscina municipal. Las inscripciones pueden realizarse hasta [&hellip;]<!-- AddThis Advanced Settings generic via filter on get_the_excerpt --><!-- AddThis Share Buttons generic via filter on get_the_excerpt --><\/p>\n","protected":false},"author":27,"featured_media":0,"comment_status":"open","ping_status":"closed","sticky":false,"template":"","format":"standard","meta":[],"categories":[1],"tags":[1157,301,817,836,906],"_links":{"self":[{"href":"https:\/\/blogs.hoy.es\/senderosextremadura\/wp-json\/wp\/v2\/posts\/4072"}],"collection":[{"href":"https:\/\/blogs.hoy.es\/senderosextremadura\/wp-json\/wp\/v2\/posts"}],"about":[{"href":"https:\/\/blogs.hoy.es\/senderosextremadura\/wp-json\/wp\/v2\/types\/post"}],"author":[{"embeddable":true,"href":"https:\/\/blogs.hoy.es\/senderosextremadura\/wp-json\/wp\/v2\/users\/27"}],"replies":[{"embeddable":true,"href":"https:\/\/blogs.hoy.es\/senderosextremadura\/wp-json\/wp\/v2\/comments?post=4072"}],"version-history":[{"count":1,"href":"https:\/\/blogs.hoy.es\/senderosextremadura\/wp-json\/wp\/v2\/posts\/4072\/revisions"}],"predecessor-version":[{"id":4074,"href":"https:\/\/blogs.hoy.es\/senderosextremadura\/wp-json\/wp\/v2\/posts\/4072\/revisions\/4074"}],"wp:attachment":[{"href":"https:\/\/blogs.hoy.es\/senderosextremadura\/wp-json\/wp\/v2\/media?parent=4072"}],"wp:term":[{"taxonomy":"category","embeddable":true,"href":"https:\/\/blogs.hoy.es\/senderosextremadura\/wp-json\/wp\/v2\/categories?post=4072"},{"taxonomy":"post_tag","embeddable":true,"href":"https:\/\/blogs.hoy.es\/senderosextremadura\/wp-json\/wp\/v2\/tags?post=4072"}],"curies":[{"name":"wp","href":"https:\/\/api.w.org\/{rel}","templated":true}]}}