{"id":408,"date":"2012-04-19T10:02:40","date_gmt":"2012-04-19T10:02:40","guid":{"rendered":"http:\/\/blogs.hoy.es\/senderosextremadura\/?p=408"},"modified":"2012-04-19T10:02:40","modified_gmt":"2012-04-19T10:02:40","slug":"36-kilometros-de-ruta-verde-por-caceres-22-de-abril","status":"publish","type":"post","link":"https:\/\/blogs.hoy.es\/senderosextremadura\/2012\/04\/19\/36-kilometros-de-ruta-verde-por-caceres-22-de-abril\/","title":{"rendered":"36 kil\u00f3metros de ruta verde por C\u00e1ceres (22 de abril)"},"content":{"rendered":"<h2><a href=\"https:\/\/blogs.hoy.es\/senderosextremadura\/2012\/04\/19\/36-kilometros-de-ruta-verde-por-caceres-22-de-abril\/senderismo-blog\/\" rel=\"attachment wp-att-410\"><img loading=\"lazy\" class=\"aligncenter size-large wp-image-410\" title=\"senderismo-blog\" src=\"\/senderosextremadura\/wp-content\/uploads\/sites\/22\/2012\/04\/senderismo-blog.jpg\" alt=\"\" width=\"600\" height=\"360\" srcset=\"https:\/\/static-blogs.hoy.es\/wp-content\/uploads\/sites\/22\/2012\/04\/senderismo-blog.jpg 1000w, https:\/\/static-blogs.hoy.es\/wp-content\/uploads\/sites\/22\/2012\/04\/senderismo-blog-300x180.jpg 300w, https:\/\/static-blogs.hoy.es\/wp-content\/uploads\/sites\/22\/2012\/04\/senderismo-blog-768x461.jpg 768w, https:\/\/static-blogs.hoy.es\/wp-content\/uploads\/sites\/22\/2012\/04\/senderismo-blog-600x360.jpg 600w\" sizes=\"(max-width: 600px) 100vw, 600px\" \/><\/a>La <strong>ruta verde por C\u00e1ceres<\/strong> arrancar\u00e1 a las ocho de la ma\u00f1ana de este pr\u00f3ximo domingo d\u00eda 22 en el Albergue municipal y acabar\u00e1, diez horas despu\u00e9s, en el mismo punto. En total, plantea un recorrido de 36,200 kil\u00f3metros, que se divide en siete tramos para que aquellos que lo deseen puedan irse incorporando y retirar\u00e1ndose de la marcha. Los tramos son los siguientes: del albergue al complejo Guadipark (8,200 kil\u00f3metros), del Guadipark al cruce de la c\u00e1rcel (6,200 kil\u00f3metros), del cruce de la prisi\u00f3n a San Marquino (3,100 kil\u00f3metros), de la calle Alto de Fuente Fr\u00eda a la barriada del Esp\u00edritu Santo (2 kil\u00f3metros) y desde el Esp\u00edritu santo al V Centenario (9,200 kil\u00f3metros). All\u00ed habr\u00e1 una parada de media hora para la comida. Despu\u00e9s, los tramos contin\u00faan de la rotonda del V Centenario a la rotonda de El Casar (4,100 kil\u00f3metros) y por \u00faltimo, desde la glorieta de El Casar al punto de partida.<\/h2>\n<h2>La actividad est\u00e1 organizada por el club senderismo Michaelus de Tejeda y cuenta con la colaboraci\u00f3n del Ayuntamiento, que ha enmarcado la iniciativa dentro de la programaci\u00f3n de San Jorge. No necesita inscripci\u00f3n previa.<\/h2>\n<!-- AddThis Advanced Settings generic via filter on the_content --><!-- AddThis Share Buttons generic via filter on the_content -->","protected":false},"excerpt":{"rendered":"<p>La ruta verde por C\u00e1ceres arrancar\u00e1 a las ocho de la ma\u00f1ana de este pr\u00f3ximo domingo d\u00eda 22 en el Albergue municipal y acabar\u00e1, diez horas despu\u00e9s, en el mismo punto. En total, plantea un recorrido de 36,200 kil\u00f3metros, que se divide en siete tramos para que aquellos que lo deseen puedan irse incorporando y [&hellip;]<!-- AddThis Advanced Settings generic via filter on get_the_excerpt --><!-- AddThis Share Buttons generic via filter on get_the_excerpt --><\/p>\n","protected":false},"author":27,"featured_media":0,"comment_status":"open","ping_status":"closed","sticky":false,"template":"","format":"standard","meta":[],"categories":[4],"tags":[121,301,425,713,1074],"_links":{"self":[{"href":"https:\/\/blogs.hoy.es\/senderosextremadura\/wp-json\/wp\/v2\/posts\/408"}],"collection":[{"href":"https:\/\/blogs.hoy.es\/senderosextremadura\/wp-json\/wp\/v2\/posts"}],"about":[{"href":"https:\/\/blogs.hoy.es\/senderosextremadura\/wp-json\/wp\/v2\/types\/post"}],"author":[{"embeddable":true,"href":"https:\/\/blogs.hoy.es\/senderosextremadura\/wp-json\/wp\/v2\/users\/27"}],"replies":[{"embeddable":true,"href":"https:\/\/blogs.hoy.es\/senderosextremadura\/wp-json\/wp\/v2\/comments?post=408"}],"version-history":[{"count":0,"href":"https:\/\/blogs.hoy.es\/senderosextremadura\/wp-json\/wp\/v2\/posts\/408\/revisions"}],"wp:attachment":[{"href":"https:\/\/blogs.hoy.es\/senderosextremadura\/wp-json\/wp\/v2\/media?parent=408"}],"wp:term":[{"taxonomy":"category","embeddable":true,"href":"https:\/\/blogs.hoy.es\/senderosextremadura\/wp-json\/wp\/v2\/categories?post=408"},{"taxonomy":"post_tag","embeddable":true,"href":"https:\/\/blogs.hoy.es\/senderosextremadura\/wp-json\/wp\/v2\/tags?post=408"}],"curies":[{"name":"wp","href":"https:\/\/api.w.org\/{rel}","templated":true}]}}