{"id":4096,"date":"2017-09-04T18:52:32","date_gmt":"2017-09-04T18:52:32","guid":{"rendered":"http:\/\/blogs.hoy.es\/senderosextremadura\/?p=4096"},"modified":"2017-09-04T18:52:32","modified_gmt":"2017-09-04T18:52:32","slug":"ruta-nocturna-en-almaraz-a-beneficio-de-aoex-15-de-septiembre","status":"publish","type":"post","link":"https:\/\/blogs.hoy.es\/senderosextremadura\/2017\/09\/04\/ruta-nocturna-en-almaraz-a-beneficio-de-aoex-15-de-septiembre\/","title":{"rendered":"Ruta nocturna en Almaraz a beneficio de AOEx (15 de septiembre)"},"content":{"rendered":"<p><img loading=\"lazy\" class=\"aligncenter size-medium wp-image-4097\" src=\"https:\/\/static-blogs.hoy.es\/wp-content\/uploads\/sites\/22\/2017\/09\/senderista-aoex-300x206.jpeg\" alt=\"senderista-aoex\" width=\"300\" height=\"206\" srcset=\"https:\/\/static-blogs.hoy.es\/wp-content\/uploads\/sites\/22\/2017\/09\/senderista-aoex-300x206.jpeg 300w, https:\/\/static-blogs.hoy.es\/wp-content\/uploads\/sites\/22\/2017\/09\/senderista-aoex-768x528.jpeg 768w, https:\/\/static-blogs.hoy.es\/wp-content\/uploads\/sites\/22\/2017\/09\/senderista-aoex-600x413.jpeg 600w, https:\/\/static-blogs.hoy.es\/wp-content\/uploads\/sites\/22\/2017\/09\/senderista-aoex.jpeg 1000w\" sizes=\"(max-width: 300px) 100vw, 300px\" \/><\/p>\n<p>La localidad cacere\u00f1a de <strong>Almaraz<\/strong> acoge el viernes <strong>15 de septiembre<\/strong> la I Ruta Senderista \u2018Poniendo cara al c\u00e1ncer de pr\u00f3stata\u2019. La marcha servir\u00e1 para recaudar fondos para la Asociaci\u00f3n Oncol\u00f3gica Extreme\u00f1a (AOEx). Se trata de una marcha nocturna que comenzar\u00e1 a las 21.00 horas desde la Plaza de Espa\u00f1a. Los senderistas recorrer\u00e1n una distancia de <strong>3,5 kil\u00f3metros<\/strong> por el entorno del municipio.<\/p>\n<p><!--more-->Las personas interesadas en colaborar deber\u00e1n apobar un donativo de dos euros. Tambi\u00e9n se puede adquirir mochilas a tres euros y gorras a dos. Estar\u00e1n disponibles en las oficinas de la casa de cultura de Almaraz para apoyoar a la AOEx.<\/p>\n<!-- AddThis Advanced Settings generic via filter on the_content --><!-- AddThis Share Buttons generic via filter on the_content -->","protected":false},"excerpt":{"rendered":"<p>La localidad cacere\u00f1a de Almaraz acoge el viernes 15 de septiembre la I Ruta Senderista \u2018Poniendo cara al c\u00e1ncer de pr\u00f3stata\u2019. La marcha servir\u00e1 para recaudar fondos para la Asociaci\u00f3n Oncol\u00f3gica Extreme\u00f1a (AOEx). Se trata de una marcha nocturna que comenzar\u00e1 a las 21.00 horas desde la Plaza de Espa\u00f1a. Los senderistas recorrer\u00e1n una distancia [&hellip;]<!-- AddThis Advanced Settings generic via filter on get_the_excerpt --><!-- AddThis Share Buttons generic via filter on get_the_excerpt --><\/p>\n","protected":false},"author":27,"featured_media":0,"comment_status":"open","ping_status":"closed","sticky":false,"template":"","format":"standard","meta":[],"categories":[4],"tags":[1158,713],"_links":{"self":[{"href":"https:\/\/blogs.hoy.es\/senderosextremadura\/wp-json\/wp\/v2\/posts\/4096"}],"collection":[{"href":"https:\/\/blogs.hoy.es\/senderosextremadura\/wp-json\/wp\/v2\/posts"}],"about":[{"href":"https:\/\/blogs.hoy.es\/senderosextremadura\/wp-json\/wp\/v2\/types\/post"}],"author":[{"embeddable":true,"href":"https:\/\/blogs.hoy.es\/senderosextremadura\/wp-json\/wp\/v2\/users\/27"}],"replies":[{"embeddable":true,"href":"https:\/\/blogs.hoy.es\/senderosextremadura\/wp-json\/wp\/v2\/comments?post=4096"}],"version-history":[{"count":1,"href":"https:\/\/blogs.hoy.es\/senderosextremadura\/wp-json\/wp\/v2\/posts\/4096\/revisions"}],"predecessor-version":[{"id":4098,"href":"https:\/\/blogs.hoy.es\/senderosextremadura\/wp-json\/wp\/v2\/posts\/4096\/revisions\/4098"}],"wp:attachment":[{"href":"https:\/\/blogs.hoy.es\/senderosextremadura\/wp-json\/wp\/v2\/media?parent=4096"}],"wp:term":[{"taxonomy":"category","embeddable":true,"href":"https:\/\/blogs.hoy.es\/senderosextremadura\/wp-json\/wp\/v2\/categories?post=4096"},{"taxonomy":"post_tag","embeddable":true,"href":"https:\/\/blogs.hoy.es\/senderosextremadura\/wp-json\/wp\/v2\/tags?post=4096"}],"curies":[{"name":"wp","href":"https:\/\/api.w.org\/{rel}","templated":true}]}}