{"id":4100,"date":"2017-09-06T18:29:06","date_gmt":"2017-09-06T18:29:06","guid":{"rendered":"http:\/\/blogs.hoy.es\/senderosextremadura\/?p=4100"},"modified":"2017-09-06T18:33:08","modified_gmt":"2017-09-06T18:33:08","slug":"senderismo-con-joelette-por-los-monumentos-de-merida-8-de-septiembre","status":"publish","type":"post","link":"https:\/\/blogs.hoy.es\/senderosextremadura\/2017\/09\/06\/senderismo-con-joelette-por-los-monumentos-de-merida-8-de-septiembre\/","title":{"rendered":"Senderismo con Jo\u00eblette por los monumentos de M\u00e9rida (8 de septiembre)"},"content":{"rendered":"<p><img loading=\"lazy\" class=\"aligncenter size-medium wp-image-4101\" src=\"https:\/\/static-blogs.hoy.es\/wp-content\/uploads\/sites\/22\/2017\/09\/ruta-300x199.jpg\" alt=\"ruta\" width=\"300\" height=\"199\" srcset=\"https:\/\/static-blogs.hoy.es\/wp-content\/uploads\/sites\/22\/2017\/09\/ruta-300x199.jpg 300w, https:\/\/static-blogs.hoy.es\/wp-content\/uploads\/sites\/22\/2017\/09\/ruta-768x510.jpg 768w, https:\/\/static-blogs.hoy.es\/wp-content\/uploads\/sites\/22\/2017\/09\/ruta-600x399.jpg 600w, https:\/\/static-blogs.hoy.es\/wp-content\/uploads\/sites\/22\/2017\/09\/ruta.jpg 900w\" sizes=\"(max-width: 300px) 100vw, 300px\" \/><\/p>\n<p>M\u00e9rida acoger\u00e1 el 8 de septiembre una Ruta Jo\u00eblette por algunos de los monumentos de la ciudad. Esta marcha quiere dar a conocer una silla especial adaptada para que cualquier persona con alg\u00fan tipo de problema de movilidad o de discapacidad pueda disfrutar de rutas en plena naturaleza.<!--more--><\/p>\n<p>La ruta se celebra coincidiendo con el D\u00eda de Extremadura, con salida a las 09.30 desde la Plaza de Espa\u00f1a y un recorrido por el Templo de Diana, Foro, Teatro y Anfiteatro romano, contando con un gu\u00eda tur\u00edstico y la colaboraci\u00f3n de los em\u00e9ritos del Consorcio como voluntarios, \u201cque tan necesarios son para pilotar estas sillas\u201d. Los organizadores esperan\u00a0que se vean las capacidades de la silla, sus posibilidades y la difusi\u00f3n de esta soluci\u00f3n para muchas personas que a d\u00eda de hoy se ven impedidas de disfrutar de rutas complicadas de senderismo. La silla ha sido utilizada en espacios naturales como Monfrag\u00fce, Picos de Europa incluso en la subida al Teide.<\/p>\n<!-- AddThis Advanced Settings generic via filter on the_content --><!-- AddThis Share Buttons generic via filter on the_content -->","protected":false},"excerpt":{"rendered":"<p>M\u00e9rida acoger\u00e1 el 8 de septiembre una Ruta Jo\u00eblette por algunos de los monumentos de la ciudad. Esta marcha quiere dar a conocer una silla especial adaptada para que cualquier persona con alg\u00fan tipo de problema de movilidad o de discapacidad pueda disfrutar de rutas en plena naturaleza.<!-- AddThis Advanced Settings generic via filter on get_the_excerpt --><!-- AddThis Share Buttons generic via filter on get_the_excerpt --><\/p>\n","protected":false},"author":27,"featured_media":0,"comment_status":"open","ping_status":"closed","sticky":false,"template":"","format":"standard","meta":[],"categories":[4],"tags":[301,495,713],"_links":{"self":[{"href":"https:\/\/blogs.hoy.es\/senderosextremadura\/wp-json\/wp\/v2\/posts\/4100"}],"collection":[{"href":"https:\/\/blogs.hoy.es\/senderosextremadura\/wp-json\/wp\/v2\/posts"}],"about":[{"href":"https:\/\/blogs.hoy.es\/senderosextremadura\/wp-json\/wp\/v2\/types\/post"}],"author":[{"embeddable":true,"href":"https:\/\/blogs.hoy.es\/senderosextremadura\/wp-json\/wp\/v2\/users\/27"}],"replies":[{"embeddable":true,"href":"https:\/\/blogs.hoy.es\/senderosextremadura\/wp-json\/wp\/v2\/comments?post=4100"}],"version-history":[{"count":1,"href":"https:\/\/blogs.hoy.es\/senderosextremadura\/wp-json\/wp\/v2\/posts\/4100\/revisions"}],"predecessor-version":[{"id":4102,"href":"https:\/\/blogs.hoy.es\/senderosextremadura\/wp-json\/wp\/v2\/posts\/4100\/revisions\/4102"}],"wp:attachment":[{"href":"https:\/\/blogs.hoy.es\/senderosextremadura\/wp-json\/wp\/v2\/media?parent=4100"}],"wp:term":[{"taxonomy":"category","embeddable":true,"href":"https:\/\/blogs.hoy.es\/senderosextremadura\/wp-json\/wp\/v2\/categories?post=4100"},{"taxonomy":"post_tag","embeddable":true,"href":"https:\/\/blogs.hoy.es\/senderosextremadura\/wp-json\/wp\/v2\/tags?post=4100"}],"curies":[{"name":"wp","href":"https:\/\/api.w.org\/{rel}","templated":true}]}}