{"id":4104,"date":"2017-09-12T10:00:30","date_gmt":"2017-09-12T10:00:30","guid":{"rendered":"http:\/\/blogs.hoy.es\/senderosextremadura\/?p=4104"},"modified":"2017-09-12T10:02:11","modified_gmt":"2017-09-12T10:02:11","slug":"una-ruta-recordara-la-defensa-de-las-portas-de-olivenza-17-de-septiembre","status":"publish","type":"post","link":"https:\/\/blogs.hoy.es\/senderosextremadura\/2017\/09\/12\/una-ruta-recordara-la-defensa-de-las-portas-de-olivenza-17-de-septiembre\/","title":{"rendered":"Una ruta recordar\u00e1 la &#8216;Defensa de las Portas de Olivenza&#8217; (17 de septiembre)"},"content":{"rendered":"<p><img loading=\"lazy\" class=\"aligncenter size-medium wp-image-4105\" src=\"https:\/\/static-blogs.hoy.es\/wp-content\/uploads\/sites\/22\/2017\/09\/olivenza_muralla_iglesia-660x371-300x169.jpg\" alt=\"olivenza_muralla_iglesia-660x371\" width=\"300\" height=\"169\" srcset=\"https:\/\/static-blogs.hoy.es\/wp-content\/uploads\/sites\/22\/2017\/09\/olivenza_muralla_iglesia-660x371-300x169.jpg 300w, https:\/\/static-blogs.hoy.es\/wp-content\/uploads\/sites\/22\/2017\/09\/olivenza_muralla_iglesia-660x371-600x337.jpg 600w, https:\/\/static-blogs.hoy.es\/wp-content\/uploads\/sites\/22\/2017\/09\/olivenza_muralla_iglesia-660x371.jpg 660w\" sizes=\"(max-width: 300px) 100vw, 300px\" \/><\/p>\n<p>El 17 de septiembre de 1641 <strong>Olivenza<\/strong> fue tomada por sorpresa y defendida gracias a las mujeres, en las trincheras y ventanas de las <strong>Puertas del Calvario<\/strong>, junto a nobles y cl\u00e9rigos. El Club Senderista Prisi\u00f1as de Oliveza recuerda este episodio hist\u00f3rico\u00a0con una ruta que llevar\u00e1 a los caminantes por las huellas de este acontecimiento. <!--more--><br \/>\nEl recorrido de la ruta &#8216;Defensa de las Portas&#8217; ser\u00e1 de 15 kil\u00f3metros para los m\u00e1s atrevidos y de 3 kil\u00f3metros para quienes quieran unirse al llegar al pueblo. Saldr\u00e1n a las 8:00 del Paseo Hern\u00e1n Cort\u00e9s (los Arcos). Las inscripciones podr\u00e1n hacerse en el bar Limbo Lounge, de manera anticipada o en el mismo d\u00eda en los Arcos, a un precio de dos euros. La recaudaci\u00f3n ser\u00e1 destinada a proteger el patrimonio hist\u00f3rico de Olivenza. Al finalizar habr\u00e1 un acto simb\u00f3lico de la &#8220;Defesa das portas&#8221; y sardinada a precios populares.<\/p>\n<!-- AddThis Advanced Settings generic via filter on the_content --><!-- AddThis Share Buttons generic via filter on the_content -->","protected":false},"excerpt":{"rendered":"<p>El 17 de septiembre de 1641 Olivenza fue tomada por sorpresa y defendida gracias a las mujeres, en las trincheras y ventanas de las Puertas del Calvario, junto a nobles y cl\u00e9rigos. El Club Senderista Prisi\u00f1as de Oliveza recuerda este episodio hist\u00f3rico\u00a0con una ruta que llevar\u00e1 a los caminantes por las huellas de este acontecimiento.<!-- AddThis Advanced Settings generic via filter on get_the_excerpt --><!-- AddThis Share Buttons generic via filter on get_the_excerpt --><\/p>\n","protected":false},"author":27,"featured_media":0,"comment_status":"open","ping_status":"closed","sticky":false,"template":"","format":"standard","meta":[],"categories":[4],"tags":[587,792,906,944],"_links":{"self":[{"href":"https:\/\/blogs.hoy.es\/senderosextremadura\/wp-json\/wp\/v2\/posts\/4104"}],"collection":[{"href":"https:\/\/blogs.hoy.es\/senderosextremadura\/wp-json\/wp\/v2\/posts"}],"about":[{"href":"https:\/\/blogs.hoy.es\/senderosextremadura\/wp-json\/wp\/v2\/types\/post"}],"author":[{"embeddable":true,"href":"https:\/\/blogs.hoy.es\/senderosextremadura\/wp-json\/wp\/v2\/users\/27"}],"replies":[{"embeddable":true,"href":"https:\/\/blogs.hoy.es\/senderosextremadura\/wp-json\/wp\/v2\/comments?post=4104"}],"version-history":[{"count":1,"href":"https:\/\/blogs.hoy.es\/senderosextremadura\/wp-json\/wp\/v2\/posts\/4104\/revisions"}],"predecessor-version":[{"id":4106,"href":"https:\/\/blogs.hoy.es\/senderosextremadura\/wp-json\/wp\/v2\/posts\/4104\/revisions\/4106"}],"wp:attachment":[{"href":"https:\/\/blogs.hoy.es\/senderosextremadura\/wp-json\/wp\/v2\/media?parent=4104"}],"wp:term":[{"taxonomy":"category","embeddable":true,"href":"https:\/\/blogs.hoy.es\/senderosextremadura\/wp-json\/wp\/v2\/categories?post=4104"},{"taxonomy":"post_tag","embeddable":true,"href":"https:\/\/blogs.hoy.es\/senderosextremadura\/wp-json\/wp\/v2\/tags?post=4104"}],"curies":[{"name":"wp","href":"https:\/\/api.w.org\/{rel}","templated":true}]}}