{"id":4108,"date":"2017-09-13T12:08:17","date_gmt":"2017-09-13T12:08:17","guid":{"rendered":"http:\/\/blogs.hoy.es\/senderosextremadura\/?p=4108"},"modified":"2017-09-13T12:08:17","modified_gmt":"2017-09-13T12:08:17","slug":"el-valle-del-ambroz-recibira-el-otono-con-una-ruta-por-hervas","status":"publish","type":"post","link":"https:\/\/blogs.hoy.es\/senderosextremadura\/2017\/09\/13\/el-valle-del-ambroz-recibira-el-otono-con-una-ruta-por-hervas\/","title":{"rendered":"El Valle del Ambroz recibir\u00e1 el oto\u00f1o con una ruta por Herv\u00e1s"},"content":{"rendered":"<p><img loading=\"lazy\" class=\"aligncenter size-medium wp-image-4109\" src=\"https:\/\/static-blogs.hoy.es\/wp-content\/uploads\/sites\/22\/2017\/09\/saluda-otono-300x169.jpg\" alt=\"saluda-otono\" width=\"300\" height=\"169\" srcset=\"https:\/\/static-blogs.hoy.es\/wp-content\/uploads\/sites\/22\/2017\/09\/saluda-otono-300x169.jpg 300w, https:\/\/static-blogs.hoy.es\/wp-content\/uploads\/sites\/22\/2017\/09\/saluda-otono-768x432.jpg 768w, https:\/\/static-blogs.hoy.es\/wp-content\/uploads\/sites\/22\/2017\/09\/saluda-otono-600x338.jpg 600w, https:\/\/static-blogs.hoy.es\/wp-content\/uploads\/sites\/22\/2017\/09\/saluda-otono.jpg 945w\" sizes=\"(max-width: 300px) 100vw, 300px\" \/><\/p>\n<p>Ya falta menos para la llegada del oto\u00f1o, que en el Valle del Ambroz es M\u00e1gico. La comarca recibir\u00e1 la nueva estaci\u00f3n el domingo 24 de septiembre con una marcha senderista (apta para todos los p\u00fablicos) por los bosques cercanos a Herv\u00e1s.<!--more--><br \/>\nLos organizadores invitan a acudir con una camiseta del Oto\u00f1o M\u00e1gico para dar colorido y participar en una foto de grupo con a que quieren ense\u00f1ar al mundo los encantos de sus parajes.<br \/>\nHabr\u00e1 degustaci\u00f3n de migas y ponche al terminar la ruta en el t\u00fanel de casta\u00f1os de indias junto al parque de Herv\u00e1s, y en un sorteo de regalos.<br \/>\nM\u00e1s informaci\u00f3n de la marcha en este enlace.<\/p>\n<!-- AddThis Advanced Settings generic via filter on the_content --><!-- AddThis Share Buttons generic via filter on the_content -->","protected":false},"excerpt":{"rendered":"<p>Ya falta menos para la llegada del oto\u00f1o, que en el Valle del Ambroz es M\u00e1gico. La comarca recibir\u00e1 la nueva estaci\u00f3n el domingo 24 de septiembre con una marcha senderista (apta para todos los p\u00fablicos) por los bosques cercanos a Herv\u00e1s.<!-- AddThis Advanced Settings generic via filter on get_the_excerpt --><!-- AddThis Share Buttons generic via filter on get_the_excerpt --><\/p>\n","protected":false},"author":27,"featured_media":0,"comment_status":"open","ping_status":"closed","sticky":false,"template":"","format":"standard","meta":[],"categories":[4],"tags":[381,596,792,906],"_links":{"self":[{"href":"https:\/\/blogs.hoy.es\/senderosextremadura\/wp-json\/wp\/v2\/posts\/4108"}],"collection":[{"href":"https:\/\/blogs.hoy.es\/senderosextremadura\/wp-json\/wp\/v2\/posts"}],"about":[{"href":"https:\/\/blogs.hoy.es\/senderosextremadura\/wp-json\/wp\/v2\/types\/post"}],"author":[{"embeddable":true,"href":"https:\/\/blogs.hoy.es\/senderosextremadura\/wp-json\/wp\/v2\/users\/27"}],"replies":[{"embeddable":true,"href":"https:\/\/blogs.hoy.es\/senderosextremadura\/wp-json\/wp\/v2\/comments?post=4108"}],"version-history":[{"count":1,"href":"https:\/\/blogs.hoy.es\/senderosextremadura\/wp-json\/wp\/v2\/posts\/4108\/revisions"}],"predecessor-version":[{"id":4110,"href":"https:\/\/blogs.hoy.es\/senderosextremadura\/wp-json\/wp\/v2\/posts\/4108\/revisions\/4110"}],"wp:attachment":[{"href":"https:\/\/blogs.hoy.es\/senderosextremadura\/wp-json\/wp\/v2\/media?parent=4108"}],"wp:term":[{"taxonomy":"category","embeddable":true,"href":"https:\/\/blogs.hoy.es\/senderosextremadura\/wp-json\/wp\/v2\/categories?post=4108"},{"taxonomy":"post_tag","embeddable":true,"href":"https:\/\/blogs.hoy.es\/senderosextremadura\/wp-json\/wp\/v2\/tags?post=4108"}],"curies":[{"name":"wp","href":"https:\/\/api.w.org\/{rel}","templated":true}]}}