{"id":4112,"date":"2017-09-18T09:29:51","date_gmt":"2017-09-18T09:29:51","guid":{"rendered":"http:\/\/blogs.hoy.es\/senderosextremadura\/?p=4112"},"modified":"2017-09-18T09:31:25","modified_gmt":"2017-09-18T09:31:25","slug":"ruta-hurdana-por-el-mirador-de-la-pregonera-23-de-septiembre","status":"publish","type":"post","link":"https:\/\/blogs.hoy.es\/senderosextremadura\/2017\/09\/18\/ruta-hurdana-por-el-mirador-de-la-pregonera-23-de-septiembre\/","title":{"rendered":"Ruta hurdana por &#8216;El mirador de la Pregonera&#8217; (23 de septiembre)"},"content":{"rendered":"<div id=\"attachment_4114\" style=\"width: 310px\" class=\"wp-caption aligncenter\"><img aria-describedby=\"caption-attachment-4114\" loading=\"lazy\" class=\"size-medium wp-image-4114\" src=\"https:\/\/static-blogs.hoy.es\/wp-content\/uploads\/sites\/22\/2017\/09\/casares-300x200.jpg\" alt=\"Casares de Hurdes\" width=\"300\" height=\"200\" srcset=\"https:\/\/static-blogs.hoy.es\/wp-content\/uploads\/sites\/22\/2017\/09\/casares-300x200.jpg 300w, https:\/\/static-blogs.hoy.es\/wp-content\/uploads\/sites\/22\/2017\/09\/casares.jpg 575w\" sizes=\"(max-width: 300px) 100vw, 300px\" \/><p id=\"caption-attachment-4114\" class=\"wp-caption-text\">Casares de Hurdes<\/p><\/div>\n<p>El pr\u00f3ximo s\u00e1bado d\u00eda 23 de septiembre, <strong>Casares de las Hurdes<\/strong> acoger\u00e1 la ruta de senderismo &#8216;<strong>El Mirador de la Pregonera&#8217;<\/strong>. Con salida a las 09.00 desde la plaza mayor de la localidad hurdana, los senderistas recorrer\u00e1n uno total de 10 kil\u00f3metros, en los que podr\u00e1n disfrutar del paisaje escarpado de uno de los <strong>valles que componen las Hurdes<\/strong>. Pasar\u00e1n por la alquer\u00eda de La Huetre para dirigirse hacia el Mirador de la Pregonera, en el que se pueden observar todo el valle que va dejando a su paso el r\u00edo Hurdano. A la llegada al mirador se realizar\u00e1 una parada de avituallamiento, para posteriormente emprender el regreso por la ruta de Maj\u00e1-Robledo hasta Casares de las Hurdes. <!--more--><br \/>\nLos participantes pueden inscribirse a trav\u00e9s de la p\u00e1gina web: <a href=\"http:\/\/www.tucrono.com\" rel=\"external nofollow\">www.tucrono.com<\/a>, y adem\u00e1s de avituallamiento recibir\u00e1n un obsequio conmemorativo de la ruta: camiseta. Las inscripciones est\u00e1n abiertas hasta el pr\u00f3ximo viernes.<\/p>\n<!-- AddThis Advanced Settings generic via filter on the_content --><!-- AddThis Share Buttons generic via filter on the_content -->","protected":false},"excerpt":{"rendered":"<p>El pr\u00f3ximo s\u00e1bado d\u00eda 23 de septiembre, Casares de las Hurdes acoger\u00e1 la ruta de senderismo &#8216;El Mirador de la Pregonera&#8217;. Con salida a las 09.00 desde la plaza mayor de la localidad hurdana, los senderistas recorrer\u00e1n uno total de 10 kil\u00f3metros, en los que podr\u00e1n disfrutar del paisaje escarpado de uno de los valles [&hellip;]<!-- AddThis Advanced Settings generic via filter on get_the_excerpt --><!-- AddThis Share Buttons generic via filter on get_the_excerpt --><\/p>\n","protected":false},"author":27,"featured_media":0,"comment_status":"open","ping_status":"closed","sticky":false,"template":"","format":"standard","meta":[],"categories":[4],"tags":[1159,398,906],"_links":{"self":[{"href":"https:\/\/blogs.hoy.es\/senderosextremadura\/wp-json\/wp\/v2\/posts\/4112"}],"collection":[{"href":"https:\/\/blogs.hoy.es\/senderosextremadura\/wp-json\/wp\/v2\/posts"}],"about":[{"href":"https:\/\/blogs.hoy.es\/senderosextremadura\/wp-json\/wp\/v2\/types\/post"}],"author":[{"embeddable":true,"href":"https:\/\/blogs.hoy.es\/senderosextremadura\/wp-json\/wp\/v2\/users\/27"}],"replies":[{"embeddable":true,"href":"https:\/\/blogs.hoy.es\/senderosextremadura\/wp-json\/wp\/v2\/comments?post=4112"}],"version-history":[{"count":3,"href":"https:\/\/blogs.hoy.es\/senderosextremadura\/wp-json\/wp\/v2\/posts\/4112\/revisions"}],"predecessor-version":[{"id":4116,"href":"https:\/\/blogs.hoy.es\/senderosextremadura\/wp-json\/wp\/v2\/posts\/4112\/revisions\/4116"}],"wp:attachment":[{"href":"https:\/\/blogs.hoy.es\/senderosextremadura\/wp-json\/wp\/v2\/media?parent=4112"}],"wp:term":[{"taxonomy":"category","embeddable":true,"href":"https:\/\/blogs.hoy.es\/senderosextremadura\/wp-json\/wp\/v2\/categories?post=4112"},{"taxonomy":"post_tag","embeddable":true,"href":"https:\/\/blogs.hoy.es\/senderosextremadura\/wp-json\/wp\/v2\/tags?post=4112"}],"curies":[{"name":"wp","href":"https:\/\/api.w.org\/{rel}","templated":true}]}}