{"id":4117,"date":"2017-09-18T09:40:44","date_gmt":"2017-09-18T09:40:44","guid":{"rendered":"http:\/\/blogs.hoy.es\/senderosextremadura\/?p=4117"},"modified":"2017-09-18T09:40:44","modified_gmt":"2017-09-18T09:40:44","slug":"de-cabanas-del-castillo-a-navezuelas-con-los-senderistas-de-vegas-bajas","status":"publish","type":"post","link":"https:\/\/blogs.hoy.es\/senderosextremadura\/2017\/09\/18\/de-cabanas-del-castillo-a-navezuelas-con-los-senderistas-de-vegas-bajas\/","title":{"rendered":"De Caba\u00f1as del Castillo a Navezuelas, con los senderistas de Vegas Bajas"},"content":{"rendered":"<p><img loading=\"lazy\" class=\"aligncenter size-medium wp-image-4118\" src=\"https:\/\/static-blogs.hoy.es\/wp-content\/uploads\/sites\/22\/2017\/09\/geoparque-300x225.jpg\" alt=\"Vistas del Geoparque Villuercas-Ibores-Jara.\" width=\"300\" height=\"225\" srcset=\"https:\/\/static-blogs.hoy.es\/wp-content\/uploads\/sites\/22\/2017\/09\/geoparque-300x225.jpg 300w, https:\/\/static-blogs.hoy.es\/wp-content\/uploads\/sites\/22\/2017\/09\/geoparque-768x576.jpg 768w, https:\/\/static-blogs.hoy.es\/wp-content\/uploads\/sites\/22\/2017\/09\/geoparque-600x450.jpg 600w, https:\/\/static-blogs.hoy.es\/wp-content\/uploads\/sites\/22\/2017\/09\/geoparque.jpg 900w\" sizes=\"(max-width: 300px) 100vw, 300px\" \/><\/p>\n<p>El <strong>grupo senderista Vegas Bajas<\/strong> ha programado una ruta por el <strong>Geoparque Villuercas-Ibores-Jara<\/strong>. La marcha tendr\u00e1 lugar el domingo 8 de octubre. Se trata de una marcha de 14,44 km entre las localidades de <strong>Caba\u00f1as del Castillo y Navezuelas<\/strong>.<!--more--> Los caminantes se desplazar\u00e1n desde Montijo \u00a0a Caba\u00f1as del Castillo en autob\u00fas. La salida tendr\u00e1 lugar a las 6.30 horas desde la sede de la asociaci\u00f3n, en la avenida de la Estaci\u00f3n S\/N. El precio de la inscripci\u00f3n es de diez euros para socios y 15 para no socios.<\/p>\n<p>M\u00e1s informaci\u00f3n en el <a href=\"https:\/\/www.facebook.com\/groups\/gruposenderistavb.es\/\" rel=\"external nofollow\">perfil de Facebook<\/a> del grupo senderista.<\/p>\n<!-- AddThis Advanced Settings generic via filter on the_content --><!-- AddThis Share Buttons generic via filter on the_content -->","protected":false},"excerpt":{"rendered":"<p>El grupo senderista Vegas Bajas ha programado una ruta por el Geoparque Villuercas-Ibores-Jara. La marcha tendr\u00e1 lugar el domingo 8 de octubre. Se trata de una marcha de 14,44 km entre las localidades de Caba\u00f1as del Castillo y Navezuelas.<!-- AddThis Advanced Settings generic via filter on get_the_excerpt --><!-- AddThis Share Buttons generic via filter on get_the_excerpt --><\/p>\n","protected":false},"author":27,"featured_media":0,"comment_status":"open","ping_status":"closed","sticky":false,"template":"","format":"standard","meta":[],"categories":[1],"tags":[1160,350,836,906],"_links":{"self":[{"href":"https:\/\/blogs.hoy.es\/senderosextremadura\/wp-json\/wp\/v2\/posts\/4117"}],"collection":[{"href":"https:\/\/blogs.hoy.es\/senderosextremadura\/wp-json\/wp\/v2\/posts"}],"about":[{"href":"https:\/\/blogs.hoy.es\/senderosextremadura\/wp-json\/wp\/v2\/types\/post"}],"author":[{"embeddable":true,"href":"https:\/\/blogs.hoy.es\/senderosextremadura\/wp-json\/wp\/v2\/users\/27"}],"replies":[{"embeddable":true,"href":"https:\/\/blogs.hoy.es\/senderosextremadura\/wp-json\/wp\/v2\/comments?post=4117"}],"version-history":[{"count":1,"href":"https:\/\/blogs.hoy.es\/senderosextremadura\/wp-json\/wp\/v2\/posts\/4117\/revisions"}],"predecessor-version":[{"id":4119,"href":"https:\/\/blogs.hoy.es\/senderosextremadura\/wp-json\/wp\/v2\/posts\/4117\/revisions\/4119"}],"wp:attachment":[{"href":"https:\/\/blogs.hoy.es\/senderosextremadura\/wp-json\/wp\/v2\/media?parent=4117"}],"wp:term":[{"taxonomy":"category","embeddable":true,"href":"https:\/\/blogs.hoy.es\/senderosextremadura\/wp-json\/wp\/v2\/categories?post=4117"},{"taxonomy":"post_tag","embeddable":true,"href":"https:\/\/blogs.hoy.es\/senderosextremadura\/wp-json\/wp\/v2\/tags?post=4117"}],"curies":[{"name":"wp","href":"https:\/\/api.w.org\/{rel}","templated":true}]}}