{"id":4121,"date":"2017-09-19T18:55:34","date_gmt":"2017-09-19T18:55:34","guid":{"rendered":"http:\/\/blogs.hoy.es\/senderosextremadura\/?p=4121"},"modified":"2017-09-19T19:40:30","modified_gmt":"2017-09-19T19:40:30","slug":"placeat-celebra-su-xxv-marcha-andando-por-tierras-de-alcantara","status":"publish","type":"post","link":"https:\/\/blogs.hoy.es\/senderosextremadura\/2017\/09\/19\/placeat-celebra-su-xxv-marcha-andando-por-tierras-de-alcantara\/","title":{"rendered":"Placeat celebra su XXV Marcha Andando por tierras de Alc\u00e1ntara"},"content":{"rendered":"<p>La <strong>Asociaci\u00f3n Plena Inclusi\u00f3n Placeat de Plasencia<\/strong> realizar\u00e1 entre el 25 y el 29 de septiembre su XXV Marcha Andando, en este caso por las <strong>tierras de Alc\u00e1ntara.<\/strong><\/p>\n<p>Seg\u00fan ha explicado el presidente de dicha asociaci\u00f3n, Francisco Valverde, ser\u00e1n 25 usuarios los que realicen en esta ocasi\u00f3n la marcha acompa\u00f1ados por voluntarios, cuidadores y efectivos de Cruz Roja Plasencia.<!--more--><\/p>\n<p>Durante estas jornadas la asociaci\u00f3n tendr\u00e1 como &#8220;cuartel general&#8221;, seg\u00fan ha indicado Valverde, la poblaci\u00f3n de Mata de Alc\u00e1ntara, cuyo alcalde, Luis Amado, ha cedido las instalaciones del nuevo polideportivo y de la guarder\u00eda para que puedan acomodarse los usuarios de la asociaci\u00f3n.<\/p>\n<p>Desde Mata de Alc\u00e1ntara los usuarios realizar\u00e1n rutas hasta las poblaciones de <strong>Alc\u00e1ntara, Estorninos, Piedras Albas, Villa del Rey y Brozas<\/strong> a cuyos regidores entregar\u00e1n una copia de la convenci\u00f3n de la ONU sobre los derechos de las personas con discapacidad al cumplirse el d\u00e9cimo aniversario de su ratificaci\u00f3n por el Reino de Espa\u00f1a.<\/p>\n<p>&nbsp;<\/p>\n<p>Fuente: E.P.<\/p>\n<!-- AddThis Advanced Settings generic via filter on the_content --><!-- AddThis Share Buttons generic via filter on the_content -->","protected":false},"excerpt":{"rendered":"<p>La Asociaci\u00f3n Plena Inclusi\u00f3n Placeat de Plasencia realizar\u00e1 entre el 25 y el 29 de septiembre su XXV Marcha Andando, en este caso por las tierras de Alc\u00e1ntara. Seg\u00fan ha explicado el presidente de dicha asociaci\u00f3n, Francisco Valverde, ser\u00e1n 25 usuarios los que realicen en esta ocasi\u00f3n la marcha acompa\u00f1ados por voluntarios, cuidadores y efectivos [&hellip;]<!-- AddThis Advanced Settings generic via filter on get_the_excerpt --><!-- AddThis Share Buttons generic via filter on get_the_excerpt --><\/p>\n","protected":false},"author":27,"featured_media":0,"comment_status":"open","ping_status":"closed","sticky":false,"template":"","format":"standard","meta":[],"categories":[4],"tags":[],"_links":{"self":[{"href":"https:\/\/blogs.hoy.es\/senderosextremadura\/wp-json\/wp\/v2\/posts\/4121"}],"collection":[{"href":"https:\/\/blogs.hoy.es\/senderosextremadura\/wp-json\/wp\/v2\/posts"}],"about":[{"href":"https:\/\/blogs.hoy.es\/senderosextremadura\/wp-json\/wp\/v2\/types\/post"}],"author":[{"embeddable":true,"href":"https:\/\/blogs.hoy.es\/senderosextremadura\/wp-json\/wp\/v2\/users\/27"}],"replies":[{"embeddable":true,"href":"https:\/\/blogs.hoy.es\/senderosextremadura\/wp-json\/wp\/v2\/comments?post=4121"}],"version-history":[{"count":1,"href":"https:\/\/blogs.hoy.es\/senderosextremadura\/wp-json\/wp\/v2\/posts\/4121\/revisions"}],"predecessor-version":[{"id":4122,"href":"https:\/\/blogs.hoy.es\/senderosextremadura\/wp-json\/wp\/v2\/posts\/4121\/revisions\/4122"}],"wp:attachment":[{"href":"https:\/\/blogs.hoy.es\/senderosextremadura\/wp-json\/wp\/v2\/media?parent=4121"}],"wp:term":[{"taxonomy":"category","embeddable":true,"href":"https:\/\/blogs.hoy.es\/senderosextremadura\/wp-json\/wp\/v2\/categories?post=4121"},{"taxonomy":"post_tag","embeddable":true,"href":"https:\/\/blogs.hoy.es\/senderosextremadura\/wp-json\/wp\/v2\/tags?post=4121"}],"curies":[{"name":"wp","href":"https:\/\/api.w.org\/{rel}","templated":true}]}}