{"id":4126,"date":"2017-09-26T08:07:24","date_gmt":"2017-09-26T08:07:24","guid":{"rendered":"http:\/\/blogs.hoy.es\/senderosextremadura\/?p=4126"},"modified":"2017-09-26T08:07:24","modified_gmt":"2017-09-26T08:07:24","slug":"ruta-solidaria-en-losar-de-la-vera-8-de-octubre","status":"publish","type":"post","link":"https:\/\/blogs.hoy.es\/senderosextremadura\/2017\/09\/26\/ruta-solidaria-en-losar-de-la-vera-8-de-octubre\/","title":{"rendered":"Ruta solidaria en Losar de la Vera (8 de octubre)"},"content":{"rendered":"<p>Ya est\u00e1n abiertas las inscripciones para la ruta senderista solidaria que se celebrar\u00e1 en Losar de la Vera el d\u00eda 8 de octubre. Se har\u00e1 desde la plaza de la Vi\u00f1uela hasta el pico El Berezo, con un recorrido de 16,7 kil\u00f3metros, calificada de dificultad media-alta con un desnivel positivo de 1055 metros. La inscripci\u00f3n incluye camiseta conmemorativa, avituallamiento, gu\u00eda y seguro, y cuesta seis euros. M\u00e1s informaci\u00f3n en la web municipal.<\/p>\n<!-- AddThis Advanced Settings generic via filter on the_content --><!-- AddThis Share Buttons generic via filter on the_content -->","protected":false},"excerpt":{"rendered":"<p>Ya est\u00e1n abiertas las inscripciones para la ruta senderista solidaria que se celebrar\u00e1 en Losar de la Vera el d\u00eda 8 de octubre. Se har\u00e1 desde la plaza de la Vi\u00f1uela hasta el pico El Berezo, con un recorrido de 16,7 kil\u00f3metros, calificada de dificultad media-alta con un desnivel positivo de 1055 metros. La inscripci\u00f3n [&hellip;]<!-- AddThis Advanced Settings generic via filter on get_the_excerpt --><!-- AddThis Share Buttons generic via filter on get_the_excerpt --><\/p>\n","protected":false},"author":27,"featured_media":0,"comment_status":"open","ping_status":"closed","sticky":false,"template":"","format":"standard","meta":[],"categories":[4],"tags":[],"_links":{"self":[{"href":"https:\/\/blogs.hoy.es\/senderosextremadura\/wp-json\/wp\/v2\/posts\/4126"}],"collection":[{"href":"https:\/\/blogs.hoy.es\/senderosextremadura\/wp-json\/wp\/v2\/posts"}],"about":[{"href":"https:\/\/blogs.hoy.es\/senderosextremadura\/wp-json\/wp\/v2\/types\/post"}],"author":[{"embeddable":true,"href":"https:\/\/blogs.hoy.es\/senderosextremadura\/wp-json\/wp\/v2\/users\/27"}],"replies":[{"embeddable":true,"href":"https:\/\/blogs.hoy.es\/senderosextremadura\/wp-json\/wp\/v2\/comments?post=4126"}],"version-history":[{"count":1,"href":"https:\/\/blogs.hoy.es\/senderosextremadura\/wp-json\/wp\/v2\/posts\/4126\/revisions"}],"predecessor-version":[{"id":4127,"href":"https:\/\/blogs.hoy.es\/senderosextremadura\/wp-json\/wp\/v2\/posts\/4126\/revisions\/4127"}],"wp:attachment":[{"href":"https:\/\/blogs.hoy.es\/senderosextremadura\/wp-json\/wp\/v2\/media?parent=4126"}],"wp:term":[{"taxonomy":"category","embeddable":true,"href":"https:\/\/blogs.hoy.es\/senderosextremadura\/wp-json\/wp\/v2\/categories?post=4126"},{"taxonomy":"post_tag","embeddable":true,"href":"https:\/\/blogs.hoy.es\/senderosextremadura\/wp-json\/wp\/v2\/tags?post=4126"}],"curies":[{"name":"wp","href":"https:\/\/api.w.org\/{rel}","templated":true}]}}