{"id":4128,"date":"2017-09-26T09:10:48","date_gmt":"2017-09-26T09:10:48","guid":{"rendered":"http:\/\/blogs.hoy.es\/senderosextremadura\/?p=4128"},"modified":"2017-09-26T09:10:48","modified_gmt":"2017-09-26T09:10:48","slug":"ademoxa-caminara-hasta-el-nacimiento-del-rio-batuecas-1-de-octubre","status":"publish","type":"post","link":"https:\/\/blogs.hoy.es\/senderosextremadura\/2017\/09\/26\/ademoxa-caminara-hasta-el-nacimiento-del-rio-batuecas-1-de-octubre\/","title":{"rendered":"Ademoxa caminar\u00e1 hasta el nacimiento del r\u00edo Batuecas (1 de octubre)"},"content":{"rendered":"<p><img loading=\"lazy\" class=\"aligncenter size-medium wp-image-4129\" src=\"https:\/\/static-blogs.hoy.es\/wp-content\/uploads\/sites\/22\/2017\/09\/ruta--300x201.jpg\" alt=\"Ruta por las Batuecas\" width=\"300\" height=\"201\" srcset=\"https:\/\/static-blogs.hoy.es\/wp-content\/uploads\/sites\/22\/2017\/09\/ruta--300x201.jpg 300w, https:\/\/static-blogs.hoy.es\/wp-content\/uploads\/sites\/22\/2017\/09\/ruta--768x515.jpg 768w, https:\/\/static-blogs.hoy.es\/wp-content\/uploads\/sites\/22\/2017\/09\/ruta--600x402.jpg 600w, https:\/\/static-blogs.hoy.es\/wp-content\/uploads\/sites\/22\/2017\/09\/ruta-.jpg 900w\" sizes=\"(max-width: 300px) 100vw, 300px\" \/><br \/>\nLa <strong>Asociaci\u00f3n deportiva de Monta\u00f1a Xalima<\/strong>\u00a0(Ademoxa) ha organizado una ruta senderista\u00a0de <strong>La Alberca al Convento de Las Batuecas<\/strong>. \u00a0La marcha por tierras salmantinas lim\u00edtrofes con la regi\u00f3n extreme\u00f1a se llevar\u00e1 a cabo el 1 de octubre. Invita a caminar hasta el nacimiento del r\u00edo Batuecas desde la bonita localidad de La Alberca. <!--more-->Se recorrer\u00e1n 18 kil\u00f3metros con una subida acumulada de 675 metros. La dificultad es media-baja. Los caminantes saldr\u00e1n a las ocho de la ma\u00f1ana desde la avenida de Extremadura. El precio de inscripci\u00f3n es de 6 euros para socios de Ademoxa y diez para los no socios. Los federados pagan dos euros menos.\u00a0La fecha l\u00edmite de inscripci\u00f3n es el 29 de septiembre.<\/p>\n<!-- AddThis Advanced Settings generic via filter on the_content --><!-- AddThis Share Buttons generic via filter on the_content -->","protected":false},"excerpt":{"rendered":"<p>La Asociaci\u00f3n deportiva de Monta\u00f1a Xalima\u00a0(Ademoxa) ha organizado una ruta senderista\u00a0de La Alberca al Convento de Las Batuecas. \u00a0La marcha por tierras salmantinas lim\u00edtrofes con la regi\u00f3n extreme\u00f1a se llevar\u00e1 a cabo el 1 de octubre. Invita a caminar hasta el nacimiento del r\u00edo Batuecas desde la bonita localidad de La Alberca.<!-- AddThis Advanced Settings generic via filter on get_the_excerpt --><!-- AddThis Share Buttons generic via filter on get_the_excerpt --><\/p>\n","protected":false},"author":27,"featured_media":0,"comment_status":"open","ping_status":"closed","sticky":false,"template":"","format":"standard","meta":[],"categories":[4],"tags":[96,426,792,906],"_links":{"self":[{"href":"https:\/\/blogs.hoy.es\/senderosextremadura\/wp-json\/wp\/v2\/posts\/4128"}],"collection":[{"href":"https:\/\/blogs.hoy.es\/senderosextremadura\/wp-json\/wp\/v2\/posts"}],"about":[{"href":"https:\/\/blogs.hoy.es\/senderosextremadura\/wp-json\/wp\/v2\/types\/post"}],"author":[{"embeddable":true,"href":"https:\/\/blogs.hoy.es\/senderosextremadura\/wp-json\/wp\/v2\/users\/27"}],"replies":[{"embeddable":true,"href":"https:\/\/blogs.hoy.es\/senderosextremadura\/wp-json\/wp\/v2\/comments?post=4128"}],"version-history":[{"count":1,"href":"https:\/\/blogs.hoy.es\/senderosextremadura\/wp-json\/wp\/v2\/posts\/4128\/revisions"}],"predecessor-version":[{"id":4130,"href":"https:\/\/blogs.hoy.es\/senderosextremadura\/wp-json\/wp\/v2\/posts\/4128\/revisions\/4130"}],"wp:attachment":[{"href":"https:\/\/blogs.hoy.es\/senderosextremadura\/wp-json\/wp\/v2\/media?parent=4128"}],"wp:term":[{"taxonomy":"category","embeddable":true,"href":"https:\/\/blogs.hoy.es\/senderosextremadura\/wp-json\/wp\/v2\/categories?post=4128"},{"taxonomy":"post_tag","embeddable":true,"href":"https:\/\/blogs.hoy.es\/senderosextremadura\/wp-json\/wp\/v2\/tags?post=4128"}],"curies":[{"name":"wp","href":"https:\/\/api.w.org\/{rel}","templated":true}]}}