{"id":4131,"date":"2017-09-28T12:08:37","date_gmt":"2017-09-28T12:08:37","guid":{"rendered":"http:\/\/blogs.hoy.es\/senderosextremadura\/?p=4131"},"modified":"2017-09-28T12:08:37","modified_gmt":"2017-09-28T12:08:37","slug":"caceres-camina-sube-este-sabado-a-la-sierra-de-dios-padre","status":"publish","type":"post","link":"https:\/\/blogs.hoy.es\/senderosextremadura\/2017\/09\/28\/caceres-camina-sube-este-sabado-a-la-sierra-de-dios-padre\/","title":{"rendered":"C\u00e1ceres Camina sube este s\u00e1bado a la Sierra de Dios Padre"},"content":{"rendered":"<p><img loading=\"lazy\" class=\"aligncenter size-medium wp-image-4132\" src=\"https:\/\/static-blogs.hoy.es\/wp-content\/uploads\/sites\/22\/2017\/09\/sierra-300x200.jpg\" alt=\"sierra\" width=\"300\" height=\"200\" srcset=\"https:\/\/static-blogs.hoy.es\/wp-content\/uploads\/sites\/22\/2017\/09\/sierra-300x200.jpg 300w, https:\/\/static-blogs.hoy.es\/wp-content\/uploads\/sites\/22\/2017\/09\/sierra.jpg 600w\" sizes=\"(max-width: 300px) 100vw, 300px\" \/><\/p>\n<p>El Circuito de Senderismo \u2018C\u00e1ceres Camina 2017\u2019\u00a0 ha organizado para el s\u00e1bado 30 de septiembre una ruta de senderismo a la Sierra de Dios Padre, en Villaueva de la Sierra.<\/p>\n<p><!--more-->La ruta tiene una distancia de 14 kil\u00f3metros con una dificultad alta y un desnivel de 585 metros. La salida ser\u00e1 a las 09.00 horas desde la propia localidad y el precio de inscripci\u00f3n es de 6 euros (1 euro tiene car\u00e1cter solidario).<\/p>\n<!-- AddThis Advanced Settings generic via filter on the_content --><!-- AddThis Share Buttons generic via filter on the_content -->","protected":false},"excerpt":{"rendered":"<p>El Circuito de Senderismo \u2018C\u00e1ceres Camina 2017\u2019\u00a0 ha organizado para el s\u00e1bado 30 de septiembre una ruta de senderismo a la Sierra de Dios Padre, en Villaueva de la Sierra.<!-- AddThis Advanced Settings generic via filter on get_the_excerpt --><!-- AddThis Share Buttons generic via filter on get_the_excerpt --><\/p>\n","protected":false},"author":27,"featured_media":0,"comment_status":"open","ping_status":"closed","sticky":false,"template":"","format":"standard","meta":[],"categories":[4],"tags":[],"_links":{"self":[{"href":"https:\/\/blogs.hoy.es\/senderosextremadura\/wp-json\/wp\/v2\/posts\/4131"}],"collection":[{"href":"https:\/\/blogs.hoy.es\/senderosextremadura\/wp-json\/wp\/v2\/posts"}],"about":[{"href":"https:\/\/blogs.hoy.es\/senderosextremadura\/wp-json\/wp\/v2\/types\/post"}],"author":[{"embeddable":true,"href":"https:\/\/blogs.hoy.es\/senderosextremadura\/wp-json\/wp\/v2\/users\/27"}],"replies":[{"embeddable":true,"href":"https:\/\/blogs.hoy.es\/senderosextremadura\/wp-json\/wp\/v2\/comments?post=4131"}],"version-history":[{"count":1,"href":"https:\/\/blogs.hoy.es\/senderosextremadura\/wp-json\/wp\/v2\/posts\/4131\/revisions"}],"predecessor-version":[{"id":4133,"href":"https:\/\/blogs.hoy.es\/senderosextremadura\/wp-json\/wp\/v2\/posts\/4131\/revisions\/4133"}],"wp:attachment":[{"href":"https:\/\/blogs.hoy.es\/senderosextremadura\/wp-json\/wp\/v2\/media?parent=4131"}],"wp:term":[{"taxonomy":"category","embeddable":true,"href":"https:\/\/blogs.hoy.es\/senderosextremadura\/wp-json\/wp\/v2\/categories?post=4131"},{"taxonomy":"post_tag","embeddable":true,"href":"https:\/\/blogs.hoy.es\/senderosextremadura\/wp-json\/wp\/v2\/tags?post=4131"}],"curies":[{"name":"wp","href":"https:\/\/api.w.org\/{rel}","templated":true}]}}