{"id":4139,"date":"2017-10-09T09:54:36","date_gmt":"2017-10-09T09:54:36","guid":{"rendered":"http:\/\/blogs.hoy.es\/senderosextremadura\/?p=4139"},"modified":"2017-10-09T10:50:19","modified_gmt":"2017-10-09T10:50:19","slug":"senderistas-de-salvaleon-caminaran-por-el-camino-de-la-morera-22-de-octubre","status":"publish","type":"post","link":"https:\/\/blogs.hoy.es\/senderosextremadura\/2017\/10\/09\/senderistas-de-salvaleon-caminaran-por-el-camino-de-la-morera-22-de-octubre\/","title":{"rendered":"Senderistas de Salval\u00e9on caminar\u00e1n por el Camino de La Morera (22 de octubre)"},"content":{"rendered":"<p><img loading=\"lazy\" class=\"aligncenter size-medium wp-image-4140\" src=\"https:\/\/static-blogs.hoy.es\/wp-content\/uploads\/sites\/22\/2017\/10\/vista-salvaleon-300x225.jpg\" alt=\"vista-salvaleon\" width=\"300\" height=\"225\" srcset=\"https:\/\/static-blogs.hoy.es\/wp-content\/uploads\/sites\/22\/2017\/10\/vista-salvaleon-300x225.jpg 300w, https:\/\/static-blogs.hoy.es\/wp-content\/uploads\/sites\/22\/2017\/10\/vista-salvaleon-600x450.jpg 600w, https:\/\/static-blogs.hoy.es\/wp-content\/uploads\/sites\/22\/2017\/10\/vista-salvaleon.jpg 640w\" sizes=\"(max-width: 300px) 100vw, 300px\" \/><\/p>\n<p><strong>Salvale\u00f3n<\/strong> acoger\u00e1 el domingo 22 de octubre de 2017 la ruta &#8216;Camino de La Morera&#8217;. Se trata de una caminata de 16 kil\u00f3metros con un desnivel acumulado en subida de 400 metros. Los participantes disfrutar\u00e1n entre otros paisajes, de la <strong>sierra Mar\u00eda Andr\u00e9s<\/strong>. La ruta es de dificultad media-alta, los \u00faltimos 6km son complicados tanto por la subida como por la bajada. <!--more-->La vuelta ser\u00e1 en autob\u00fas. La inscripci\u00f3n tiene un coste de tres euros para socios y cinco para no socios. Plazas limitadas (55 plazas) por orden de inscripci\u00f3n.<br \/>\nAl finalizar la marcha se degustar\u00e1 una barbacoa en el bar las Gemelas de Salvale\u00f3n. La inscripciones se pueden realizar a <a href=\"https:\/\/goo.gl\/forms\/P1lGXsCxUSwwMx3B3\" rel=\"external nofollow\">trav\u00e9s de este link<\/a>.<\/p>\n<!-- AddThis Advanced Settings generic via filter on the_content --><!-- AddThis Share Buttons generic via filter on the_content -->","protected":false},"excerpt":{"rendered":"<p>Salvale\u00f3n acoger\u00e1 el domingo 22 de octubre de 2017 la ruta &#8216;Camino de La Morera&#8217;. Se trata de una caminata de 16 kil\u00f3metros con un desnivel acumulado en subida de 400 metros. Los participantes disfrutar\u00e1n entre otros paisajes, de la sierra Mar\u00eda Andr\u00e9s. La ruta es de dificultad media-alta, los \u00faltimos 6km son complicados tanto [&hellip;]<!-- AddThis Advanced Settings generic via filter on get_the_excerpt --><!-- AddThis Share Buttons generic via filter on get_the_excerpt --><\/p>\n","protected":false},"author":27,"featured_media":0,"comment_status":"open","ping_status":"closed","sticky":false,"template":"","format":"standard","meta":[],"categories":[4],"tags":[792,836,884,906,949],"_links":{"self":[{"href":"https:\/\/blogs.hoy.es\/senderosextremadura\/wp-json\/wp\/v2\/posts\/4139"}],"collection":[{"href":"https:\/\/blogs.hoy.es\/senderosextremadura\/wp-json\/wp\/v2\/posts"}],"about":[{"href":"https:\/\/blogs.hoy.es\/senderosextremadura\/wp-json\/wp\/v2\/types\/post"}],"author":[{"embeddable":true,"href":"https:\/\/blogs.hoy.es\/senderosextremadura\/wp-json\/wp\/v2\/users\/27"}],"replies":[{"embeddable":true,"href":"https:\/\/blogs.hoy.es\/senderosextremadura\/wp-json\/wp\/v2\/comments?post=4139"}],"version-history":[{"count":2,"href":"https:\/\/blogs.hoy.es\/senderosextremadura\/wp-json\/wp\/v2\/posts\/4139\/revisions"}],"predecessor-version":[{"id":4142,"href":"https:\/\/blogs.hoy.es\/senderosextremadura\/wp-json\/wp\/v2\/posts\/4139\/revisions\/4142"}],"wp:attachment":[{"href":"https:\/\/blogs.hoy.es\/senderosextremadura\/wp-json\/wp\/v2\/media?parent=4139"}],"wp:term":[{"taxonomy":"category","embeddable":true,"href":"https:\/\/blogs.hoy.es\/senderosextremadura\/wp-json\/wp\/v2\/categories?post=4139"},{"taxonomy":"post_tag","embeddable":true,"href":"https:\/\/blogs.hoy.es\/senderosextremadura\/wp-json\/wp\/v2\/tags?post=4139"}],"curies":[{"name":"wp","href":"https:\/\/api.w.org\/{rel}","templated":true}]}}