{"id":414,"date":"2012-04-19T21:27:03","date_gmt":"2012-04-19T21:27:03","guid":{"rendered":"http:\/\/blogs.hoy.es\/senderosextremadura\/?p=414"},"modified":"2012-04-19T21:27:03","modified_gmt":"2012-04-19T21:27:03","slug":"senderismo-solidario-en-plasencia-5-de-mayo","status":"publish","type":"post","link":"https:\/\/blogs.hoy.es\/senderosextremadura\/2012\/04\/19\/senderismo-solidario-en-plasencia-5-de-mayo\/","title":{"rendered":"Senderismo solidario en Plasencia (5 de mayo)"},"content":{"rendered":"<h2>El simple hecho de caminar puede ser un gesto de solidaridad. El pr\u00f3ximo 5 de mayo, el\u00a0<strong><a href=\"http:\/\/www.facebook.com\/pages\/Colegio-Oficial-de-Trabajo-Social-de-C%C3%A1ceres\/194075297334438\" target=\"_blank\" rel=\"external nofollow\">Colegio Oficial de Trabajo Social de C\u00e1ceres<\/a>\u00a0organiza\u00a0<\/strong>una ruta senderista solidaria, con apoyo de\u00a0la\u00a0<strong>Asociaci\u00f3n de Senderismo La Vere\u00edna,\u00a0<\/strong>en la que puede participar todo el mundo.\u00a0Se trata de una ruta circular de9,3 kil\u00f3metros de escasa dificultad, por lo que es apta para todo tipo de p\u00fablico. Los caminantes partir\u00e1n del parque de los Patos a las 10.30 de la ma\u00f1ana.\u00a0La inscripci\u00f3n, en concepto de donativo, es de 6 euros. Con autob\u00fas desde C\u00e1ceres ser\u00edan 10 euros.<\/h2>\n<h2>El dinero recaudado ir\u00e1 destinado a comedores sociales de C\u00e1ceres y Plasencia<\/h2>\n<h2>INFORMACI\u00d3N E INSCRIPCI\u00d3N:<\/h2>\n<h2><strong>Colegio Oficial de Trabajo Social de C\u00e1ceres<\/strong><\/h2>\n<h2>\u00a0927 247869<\/h2>\n<!-- AddThis Advanced Settings generic via filter on the_content --><!-- AddThis Share Buttons generic via filter on the_content -->","protected":false},"excerpt":{"rendered":"<p>El simple hecho de caminar puede ser un gesto de solidaridad. El pr\u00f3ximo 5 de mayo, el\u00a0Colegio Oficial de Trabajo Social de C\u00e1ceres\u00a0organiza\u00a0una ruta senderista solidaria, con apoyo de\u00a0la\u00a0Asociaci\u00f3n de Senderismo La Vere\u00edna,\u00a0en la que puede participar todo el mundo.\u00a0Se trata de una ruta circular de9,3 kil\u00f3metros de escasa dificultad, por lo que es apta [&hellip;]<!-- AddThis Advanced Settings generic via filter on get_the_excerpt --><!-- AddThis Share Buttons generic via filter on get_the_excerpt --><\/p>\n","protected":false},"author":27,"featured_media":0,"comment_status":"open","ping_status":"closed","sticky":false,"template":"","format":"standard","meta":[],"categories":[4],"tags":[121,608,639,713,1075],"_links":{"self":[{"href":"https:\/\/blogs.hoy.es\/senderosextremadura\/wp-json\/wp\/v2\/posts\/414"}],"collection":[{"href":"https:\/\/blogs.hoy.es\/senderosextremadura\/wp-json\/wp\/v2\/posts"}],"about":[{"href":"https:\/\/blogs.hoy.es\/senderosextremadura\/wp-json\/wp\/v2\/types\/post"}],"author":[{"embeddable":true,"href":"https:\/\/blogs.hoy.es\/senderosextremadura\/wp-json\/wp\/v2\/users\/27"}],"replies":[{"embeddable":true,"href":"https:\/\/blogs.hoy.es\/senderosextremadura\/wp-json\/wp\/v2\/comments?post=414"}],"version-history":[{"count":0,"href":"https:\/\/blogs.hoy.es\/senderosextremadura\/wp-json\/wp\/v2\/posts\/414\/revisions"}],"wp:attachment":[{"href":"https:\/\/blogs.hoy.es\/senderosextremadura\/wp-json\/wp\/v2\/media?parent=414"}],"wp:term":[{"taxonomy":"category","embeddable":true,"href":"https:\/\/blogs.hoy.es\/senderosextremadura\/wp-json\/wp\/v2\/categories?post=414"},{"taxonomy":"post_tag","embeddable":true,"href":"https:\/\/blogs.hoy.es\/senderosextremadura\/wp-json\/wp\/v2\/tags?post=414"}],"curies":[{"name":"wp","href":"https:\/\/api.w.org\/{rel}","templated":true}]}}