{"id":4145,"date":"2017-10-16T17:30:30","date_gmt":"2017-10-16T17:30:30","guid":{"rendered":"http:\/\/blogs.hoy.es\/senderosextremadura\/?p=4145"},"modified":"2017-10-16T17:30:30","modified_gmt":"2017-10-16T17:30:30","slug":"montaneros-de-monfrague-realiza-la-ruta-de-carlos-v-el-22-de-octubre","status":"publish","type":"post","link":"https:\/\/blogs.hoy.es\/senderosextremadura\/2017\/10\/16\/montaneros-de-monfrague-realiza-la-ruta-de-carlos-v-el-22-de-octubre\/","title":{"rendered":"Monta\u00f1eros de Monfrag\u00fce realiza la Ruta de Carlos V el 22 de octubre"},"content":{"rendered":"<p><img loading=\"lazy\" class=\"aligncenter size-medium wp-image-4146\" src=\"https:\/\/static-blogs.hoy.es\/wp-content\/uploads\/sites\/22\/2017\/10\/ruta-carlos-v-300x225.jpg\" alt=\"ruta-carlos-v\" width=\"300\" height=\"225\" srcset=\"https:\/\/static-blogs.hoy.es\/wp-content\/uploads\/sites\/22\/2017\/10\/ruta-carlos-v-300x225.jpg 300w, https:\/\/static-blogs.hoy.es\/wp-content\/uploads\/sites\/22\/2017\/10\/ruta-carlos-v-768x576.jpg 768w, https:\/\/static-blogs.hoy.es\/wp-content\/uploads\/sites\/22\/2017\/10\/ruta-carlos-v-600x450.jpg 600w, https:\/\/static-blogs.hoy.es\/wp-content\/uploads\/sites\/22\/2017\/10\/ruta-carlos-v.jpg 900w\" sizes=\"(max-width: 300px) 100vw, 300px\" \/><br \/>\n<a href=\"https:\/\/www.montanerosmonfrague.es\/proximas-actividades\/\" rel=\"external nofollow\">Monta\u00f1eros de Monfrag\u00fce<\/a> realizar\u00e1 la <strong>Ruta de Carlos V<\/strong> el pr\u00f3ximo domingo <strong>22 de octubre<\/strong>. La hist\u00f3rica marcha del emperador parte de T<strong>ornavacas<\/strong>, contin\u00faa por el Collado de las Losas, Puente Nuevo, Garganta del Hornillo,\u00a0para seguir por el Collado de las Yeguas y Garganta Yedr\u00f3n, para llegar\u00a0despu\u00e9s a <strong>Jarandilla de la Vera<\/strong>. Esta ruta es todo un cl\u00e1sico de los senderos extreme\u00f1os,\u00a0\u00a0de obligado cumplimiento para cualquiera que le guste el senderismo. <!--more-->F\u00e1cil de hacer, pero exigente a la vez, pues son m\u00e1s de 26 km. con alg\u00fan que otro desnivel que pone a prueba a los paseantes de ciudad. Muy recomendable en oto\u00f1o.<\/p>\n<p>M\u00e1s informaci\u00f3n en la web del club:<\/p>\n<p>https:\/\/www.montanerosmonfrague.es\/proximas-actividades\/<\/p>\n<!-- AddThis Advanced Settings generic via filter on the_content --><!-- AddThis Share Buttons generic via filter on the_content -->","protected":false},"excerpt":{"rendered":"<p>Monta\u00f1eros de Monfrag\u00fce realizar\u00e1 la Ruta de Carlos V el pr\u00f3ximo domingo 22 de octubre. La hist\u00f3rica marcha del emperador parte de Tornavacas, contin\u00faa por el Collado de las Losas, Puente Nuevo, Garganta del Hornillo,\u00a0para seguir por el Collado de las Yeguas y Garganta Yedr\u00f3n, para llegar\u00a0despu\u00e9s a Jarandilla de la Vera. Esta ruta es [&hellip;]<!-- AddThis Advanced Settings generic via filter on get_the_excerpt --><!-- AddThis Share Buttons generic via filter on get_the_excerpt --><\/p>\n","protected":false},"author":27,"featured_media":0,"comment_status":"open","ping_status":"closed","sticky":false,"template":"","format":"standard","meta":[],"categories":[4],"tags":[413,724,1019],"_links":{"self":[{"href":"https:\/\/blogs.hoy.es\/senderosextremadura\/wp-json\/wp\/v2\/posts\/4145"}],"collection":[{"href":"https:\/\/blogs.hoy.es\/senderosextremadura\/wp-json\/wp\/v2\/posts"}],"about":[{"href":"https:\/\/blogs.hoy.es\/senderosextremadura\/wp-json\/wp\/v2\/types\/post"}],"author":[{"embeddable":true,"href":"https:\/\/blogs.hoy.es\/senderosextremadura\/wp-json\/wp\/v2\/users\/27"}],"replies":[{"embeddable":true,"href":"https:\/\/blogs.hoy.es\/senderosextremadura\/wp-json\/wp\/v2\/comments?post=4145"}],"version-history":[{"count":1,"href":"https:\/\/blogs.hoy.es\/senderosextremadura\/wp-json\/wp\/v2\/posts\/4145\/revisions"}],"predecessor-version":[{"id":4147,"href":"https:\/\/blogs.hoy.es\/senderosextremadura\/wp-json\/wp\/v2\/posts\/4145\/revisions\/4147"}],"wp:attachment":[{"href":"https:\/\/blogs.hoy.es\/senderosextremadura\/wp-json\/wp\/v2\/media?parent=4145"}],"wp:term":[{"taxonomy":"category","embeddable":true,"href":"https:\/\/blogs.hoy.es\/senderosextremadura\/wp-json\/wp\/v2\/categories?post=4145"},{"taxonomy":"post_tag","embeddable":true,"href":"https:\/\/blogs.hoy.es\/senderosextremadura\/wp-json\/wp\/v2\/tags?post=4145"}],"curies":[{"name":"wp","href":"https:\/\/api.w.org\/{rel}","templated":true}]}}