{"id":4148,"date":"2017-10-16T20:17:42","date_gmt":"2017-10-16T20:17:42","guid":{"rendered":"http:\/\/blogs.hoy.es\/senderosextremadura\/?p=4148"},"modified":"2017-10-16T20:17:42","modified_gmt":"2017-10-16T20:17:42","slug":"mas-de-3-000-personas-caminaran-contra-el-cancer-con-el-alpargatazo-de-la-vereina","status":"publish","type":"post","link":"https:\/\/blogs.hoy.es\/senderosextremadura\/2017\/10\/16\/mas-de-3-000-personas-caminaran-contra-el-cancer-con-el-alpargatazo-de-la-vereina\/","title":{"rendered":"M\u00e1s de 3.000 personas caminar\u00e1n contra el c\u00e1ncer con el &#8216;Alpargatazo&#8217; de la Vere\u00edna"},"content":{"rendered":"<p><img loading=\"lazy\" class=\"aligncenter size-medium wp-image-4149\" src=\"https:\/\/static-blogs.hoy.es\/wp-content\/uploads\/sites\/22\/2017\/10\/alpargatazo-212x300.jpg\" alt=\"alpargatazo\" width=\"212\" height=\"300\" srcset=\"https:\/\/static-blogs.hoy.es\/wp-content\/uploads\/sites\/22\/2017\/10\/alpargatazo-212x300.jpg 212w, https:\/\/static-blogs.hoy.es\/wp-content\/uploads\/sites\/22\/2017\/10\/alpargatazo-600x848.jpg 600w, https:\/\/static-blogs.hoy.es\/wp-content\/uploads\/sites\/22\/2017\/10\/alpargatazo.jpg 679w\" sizes=\"(max-width: 212px) 100vw, 212px\" \/><\/p>\n<p>El <strong>Club Deportivo La Vere\u00edna de C\u00e1ceres<\/strong> fusionar\u00e1 el senderismo solidario con una jornada l\u00fadica el domingo 22 de octubre con la <strong>VI Marcha Solidaria &#8216;Alpargatazo 2017<\/strong>&#8216;, a favor de la Asociaci\u00f3n Espa\u00f1ola contra el C\u00e1ncer (AECC), en la que ya se espera la participaci\u00f3n de unas 3.500 personas.<!--more--><\/p>\n<p>Este a\u00f1o las inscripciones son mas numerosas, puesto que el recorrido se har\u00e1 en torno a un n\u00facleo urbano mayor, como es C\u00e1ceres, ya que se trata de una iniciativa que ha recorrido cinco comarcas cacere\u00f1as y que este a\u00f1o recala en la capital para recorrer sus alrededores.<\/p>\n<p>El club deportivo, que ha presentado hoy este evento solidario, ha organizado dos marchas por el entorno de la capital cacere\u00f1a, una por la Sierra de la Mosca y otra por la Ruta de Los Molinos de la <strong>Ribera del Marco<\/strong>.<\/p>\n<p>Los participantes podr\u00e1n realizar su particular &#8220;alpargatazo&#8221; con la subida a la Sierra de la Mosca para recorrer una distancia de 13,7 kil\u00f3metros o hacer la modalidad &#8220;pase\u00edno&#8221; con la Ruta de los Molinos de la Ribera del Marco, de 5 kil\u00f3metros.<\/p>\n<p>La segunda modalidad contar\u00e1 con una visita guiada por el cronista oficial de la ciudad Fernando Jim\u00e9nez Berrocal, que explicar\u00e1 la historia de este paraje natural de la ribera cacere\u00f1a.<\/p>\n<p>Las marchas comenzar\u00e1n simult\u00e1neamente a las 9:30 horas y los recorridos partir\u00e1n del edificio Valhondo y desembocar\u00e1n en el Foro de Los Balbos, donde comenzar\u00e1 la jornada l\u00fadica, con una paella solidaria y actuaciones musicales como fin de fiesta (con barra, m\u00fasica y sorteos).<\/p>\n<p>Fuente: EFE<\/p>\n<!-- AddThis Advanced Settings generic via filter on the_content --><!-- AddThis Share Buttons generic via filter on the_content -->","protected":false},"excerpt":{"rendered":"<p>El Club Deportivo La Vere\u00edna de C\u00e1ceres fusionar\u00e1 el senderismo solidario con una jornada l\u00fadica el domingo 22 de octubre con la VI Marcha Solidaria &#8216;Alpargatazo 2017&#8216;, a favor de la Asociaci\u00f3n Espa\u00f1ola contra el C\u00e1ncer (AECC), en la que ya se espera la participaci\u00f3n de unas 3.500 personas.<!-- AddThis Advanced Settings generic via filter on get_the_excerpt --><!-- AddThis Share Buttons generic via filter on get_the_excerpt --><\/p>\n","protected":false},"author":27,"featured_media":0,"comment_status":"open","ping_status":"closed","sticky":false,"template":"","format":"standard","meta":[],"categories":[4],"tags":[],"_links":{"self":[{"href":"https:\/\/blogs.hoy.es\/senderosextremadura\/wp-json\/wp\/v2\/posts\/4148"}],"collection":[{"href":"https:\/\/blogs.hoy.es\/senderosextremadura\/wp-json\/wp\/v2\/posts"}],"about":[{"href":"https:\/\/blogs.hoy.es\/senderosextremadura\/wp-json\/wp\/v2\/types\/post"}],"author":[{"embeddable":true,"href":"https:\/\/blogs.hoy.es\/senderosextremadura\/wp-json\/wp\/v2\/users\/27"}],"replies":[{"embeddable":true,"href":"https:\/\/blogs.hoy.es\/senderosextremadura\/wp-json\/wp\/v2\/comments?post=4148"}],"version-history":[{"count":1,"href":"https:\/\/blogs.hoy.es\/senderosextremadura\/wp-json\/wp\/v2\/posts\/4148\/revisions"}],"predecessor-version":[{"id":4150,"href":"https:\/\/blogs.hoy.es\/senderosextremadura\/wp-json\/wp\/v2\/posts\/4148\/revisions\/4150"}],"wp:attachment":[{"href":"https:\/\/blogs.hoy.es\/senderosextremadura\/wp-json\/wp\/v2\/media?parent=4148"}],"wp:term":[{"taxonomy":"category","embeddable":true,"href":"https:\/\/blogs.hoy.es\/senderosextremadura\/wp-json\/wp\/v2\/categories?post=4148"},{"taxonomy":"post_tag","embeddable":true,"href":"https:\/\/blogs.hoy.es\/senderosextremadura\/wp-json\/wp\/v2\/tags?post=4148"}],"curies":[{"name":"wp","href":"https:\/\/api.w.org\/{rel}","templated":true}]}}