{"id":4162,"date":"2017-10-25T12:47:55","date_gmt":"2017-10-25T12:47:55","guid":{"rendered":"http:\/\/blogs.hoy.es\/senderosextremadura\/?p=4162"},"modified":"2017-10-25T12:47:55","modified_gmt":"2017-10-25T12:47:55","slug":"desayuno-pastorial-y-ruta-senderista-por-santiago-del-campo","status":"publish","type":"post","link":"https:\/\/blogs.hoy.es\/senderosextremadura\/2017\/10\/25\/desayuno-pastorial-y-ruta-senderista-por-santiago-del-campo\/","title":{"rendered":"Desayuno pastorial y ruta senderista por Santiago del Campo"},"content":{"rendered":"<p><img loading=\"lazy\" class=\"aligncenter size-medium wp-image-4163\" src=\"https:\/\/static-blogs.hoy.es\/wp-content\/uploads\/sites\/22\/2017\/10\/santiago-campo-ruta-300x185.jpg\" alt=\"santiago-campo-ruta\" width=\"300\" height=\"185\" srcset=\"https:\/\/static-blogs.hoy.es\/wp-content\/uploads\/sites\/22\/2017\/10\/santiago-campo-ruta-300x185.jpg 300w, https:\/\/static-blogs.hoy.es\/wp-content\/uploads\/sites\/22\/2017\/10\/santiago-campo-ruta-600x370.jpg 600w, https:\/\/static-blogs.hoy.es\/wp-content\/uploads\/sites\/22\/2017\/10\/santiago-campo-ruta.jpg 624w\" sizes=\"(max-width: 300px) 100vw, 300px\" \/><br \/>\nSantiago del Campo acoge este s\u00e1bado una ruta senderista en el marco de su <a href=\"http:\/\/www.hoy.es\/prov-caceres\/expositores-cita-feria-20171025144348-nt.html\" rel=\"external nofollow\">IV Feria Agroalimentaria<\/a>. La jornada arrancar\u00e1 a las 8,00 horas en la casa de la cultura, con el tradicional desayuno pastoril &#8216;migas con caf\u00e9&#8217; (1,50 euros), y en el que se entregar\u00e1 la bolsa de avituallamiento para la ruta senderista que saldr\u00e1 a las 8,30 horas desde ese mismo espacio para recorrer la dehesa boyal del municipio. <!--more-->Se trata de una ruta de una dificultad media- baja con una distancia de unos 8 o 9 kil\u00f3metros. Se visitar\u00e1 la fuente Lauriano, el chozo de las Corral\u00e1s, el rebato de Sontanilla, el molino El Cubo y Siete Olivinos.<\/p>\n<!-- AddThis Advanced Settings generic via filter on the_content --><!-- AddThis Share Buttons generic via filter on the_content -->","protected":false},"excerpt":{"rendered":"<p>Santiago del Campo acoge este s\u00e1bado una ruta senderista en el marco de su IV Feria Agroalimentaria. La jornada arrancar\u00e1 a las 8,00 horas en la casa de la cultura, con el tradicional desayuno pastoril &#8216;migas con caf\u00e9&#8217; (1,50 euros), y en el que se entregar\u00e1 la bolsa de avituallamiento para la ruta senderista que [&hellip;]<!-- AddThis Advanced Settings generic via filter on get_the_excerpt --><!-- AddThis Share Buttons generic via filter on get_the_excerpt --><\/p>\n","protected":false},"author":27,"featured_media":0,"comment_status":"open","ping_status":"closed","sticky":false,"template":"","format":"standard","meta":[],"categories":[4],"tags":[821,1162,906],"_links":{"self":[{"href":"https:\/\/blogs.hoy.es\/senderosextremadura\/wp-json\/wp\/v2\/posts\/4162"}],"collection":[{"href":"https:\/\/blogs.hoy.es\/senderosextremadura\/wp-json\/wp\/v2\/posts"}],"about":[{"href":"https:\/\/blogs.hoy.es\/senderosextremadura\/wp-json\/wp\/v2\/types\/post"}],"author":[{"embeddable":true,"href":"https:\/\/blogs.hoy.es\/senderosextremadura\/wp-json\/wp\/v2\/users\/27"}],"replies":[{"embeddable":true,"href":"https:\/\/blogs.hoy.es\/senderosextremadura\/wp-json\/wp\/v2\/comments?post=4162"}],"version-history":[{"count":1,"href":"https:\/\/blogs.hoy.es\/senderosextremadura\/wp-json\/wp\/v2\/posts\/4162\/revisions"}],"predecessor-version":[{"id":4164,"href":"https:\/\/blogs.hoy.es\/senderosextremadura\/wp-json\/wp\/v2\/posts\/4162\/revisions\/4164"}],"wp:attachment":[{"href":"https:\/\/blogs.hoy.es\/senderosextremadura\/wp-json\/wp\/v2\/media?parent=4162"}],"wp:term":[{"taxonomy":"category","embeddable":true,"href":"https:\/\/blogs.hoy.es\/senderosextremadura\/wp-json\/wp\/v2\/categories?post=4162"},{"taxonomy":"post_tag","embeddable":true,"href":"https:\/\/blogs.hoy.es\/senderosextremadura\/wp-json\/wp\/v2\/tags?post=4162"}],"curies":[{"name":"wp","href":"https:\/\/api.w.org\/{rel}","templated":true}]}}