{"id":4166,"date":"2017-10-30T08:13:30","date_gmt":"2017-10-30T08:13:30","guid":{"rendered":"http:\/\/blogs.hoy.es\/senderosextremadura\/?p=4166"},"modified":"2017-10-30T08:13:49","modified_gmt":"2017-10-30T08:13:49","slug":"ruta-por-los-bosques-de-garciaz-1-de-noviembre","status":"publish","type":"post","link":"https:\/\/blogs.hoy.es\/senderosextremadura\/2017\/10\/30\/ruta-por-los-bosques-de-garciaz-1-de-noviembre\/","title":{"rendered":"Ruta por los bosques de Garciaz (1 de noviembre)"},"content":{"rendered":"<p>ZonaViaje ha programado una <strong>Ruta por los bosques de Garciaz<\/strong> para este mi\u00e9rcoles 1 de noviembre.\u00a0El recorrido por <strong>parajes de las Villuercas<\/strong> ser\u00e1 de 18 kil\u00f3metros y dificultad media. El precio de la actividad es de 20 euros e incluye traslados, seguros y gu\u00eda. Habr\u00e1 salidas desde Badajoz, M\u00e9rida y C\u00e1ceres. Las plazas son limitadas.<\/p>\n<p><img loading=\"lazy\" class=\"aligncenter size-medium wp-image-4167\" src=\"https:\/\/static-blogs.hoy.es\/wp-content\/uploads\/sites\/22\/2017\/10\/garciaz-300x212.jpg\" alt=\"garciaz\" width=\"300\" height=\"212\" srcset=\"https:\/\/static-blogs.hoy.es\/wp-content\/uploads\/sites\/22\/2017\/10\/garciaz-300x212.jpg 300w, https:\/\/static-blogs.hoy.es\/wp-content\/uploads\/sites\/22\/2017\/10\/garciaz-768x543.jpg 768w, https:\/\/static-blogs.hoy.es\/wp-content\/uploads\/sites\/22\/2017\/10\/garciaz-600x424.jpg 600w, https:\/\/static-blogs.hoy.es\/wp-content\/uploads\/sites\/22\/2017\/10\/garciaz.jpg 960w\" sizes=\"(max-width: 300px) 100vw, 300px\" \/><\/p>\n<!-- AddThis Advanced Settings generic via filter on the_content --><!-- AddThis Share Buttons generic via filter on the_content -->","protected":false},"excerpt":{"rendered":"<p>ZonaViaje ha programado una Ruta por los bosques de Garciaz para este mi\u00e9rcoles 1 de noviembre.\u00a0El recorrido por parajes de las Villuercas ser\u00e1 de 18 kil\u00f3metros y dificultad media. El precio de la actividad es de 20 euros e incluye traslados, seguros y gu\u00eda. Habr\u00e1 salidas desde Badajoz, M\u00e9rida y C\u00e1ceres. Las plazas son limitadas.<!-- AddThis Advanced Settings generic via filter on get_the_excerpt --><!-- AddThis Share Buttons generic via filter on get_the_excerpt --><\/p>\n","protected":false},"author":27,"featured_media":0,"comment_status":"open","ping_status":"closed","sticky":false,"template":"","format":"standard","meta":[],"categories":[1],"tags":[],"_links":{"self":[{"href":"https:\/\/blogs.hoy.es\/senderosextremadura\/wp-json\/wp\/v2\/posts\/4166"}],"collection":[{"href":"https:\/\/blogs.hoy.es\/senderosextremadura\/wp-json\/wp\/v2\/posts"}],"about":[{"href":"https:\/\/blogs.hoy.es\/senderosextremadura\/wp-json\/wp\/v2\/types\/post"}],"author":[{"embeddable":true,"href":"https:\/\/blogs.hoy.es\/senderosextremadura\/wp-json\/wp\/v2\/users\/27"}],"replies":[{"embeddable":true,"href":"https:\/\/blogs.hoy.es\/senderosextremadura\/wp-json\/wp\/v2\/comments?post=4166"}],"version-history":[{"count":2,"href":"https:\/\/blogs.hoy.es\/senderosextremadura\/wp-json\/wp\/v2\/posts\/4166\/revisions"}],"predecessor-version":[{"id":4169,"href":"https:\/\/blogs.hoy.es\/senderosextremadura\/wp-json\/wp\/v2\/posts\/4166\/revisions\/4169"}],"wp:attachment":[{"href":"https:\/\/blogs.hoy.es\/senderosextremadura\/wp-json\/wp\/v2\/media?parent=4166"}],"wp:term":[{"taxonomy":"category","embeddable":true,"href":"https:\/\/blogs.hoy.es\/senderosextremadura\/wp-json\/wp\/v2\/categories?post=4166"},{"taxonomy":"post_tag","embeddable":true,"href":"https:\/\/blogs.hoy.es\/senderosextremadura\/wp-json\/wp\/v2\/tags?post=4166"}],"curies":[{"name":"wp","href":"https:\/\/api.w.org\/{rel}","templated":true}]}}