{"id":4170,"date":"2017-11-06T12:00:27","date_gmt":"2017-11-06T12:00:27","guid":{"rendered":"http:\/\/blogs.hoy.es\/senderosextremadura\/?p=4170"},"modified":"2017-11-06T12:21:47","modified_gmt":"2017-11-06T12:21:47","slug":"ruta-y-plantacion-de-arboles-en-la-sierra-de-san-cristobal-12-de-noviembre","status":"publish","type":"post","link":"https:\/\/blogs.hoy.es\/senderosextremadura\/2017\/11\/06\/ruta-y-plantacion-de-arboles-en-la-sierra-de-san-cristobal-12-de-noviembre\/","title":{"rendered":"Ruta y plantaci\u00f3n de \u00e1rboles en la sierra de San Crist\u00f3bal (12 de noviembre)"},"content":{"rendered":"<p><img loading=\"lazy\" class=\"aligncenter size-medium wp-image-4171\" src=\"https:\/\/static-blogs.hoy.es\/wp-content\/uploads\/sites\/22\/2017\/11\/plantacion-300x185.jpg\" alt=\"plantacion\" width=\"300\" height=\"185\" srcset=\"https:\/\/static-blogs.hoy.es\/wp-content\/uploads\/sites\/22\/2017\/11\/plantacion-300x185.jpg 300w, https:\/\/static-blogs.hoy.es\/wp-content\/uploads\/sites\/22\/2017\/11\/plantacion-600x370.jpg 600w, https:\/\/static-blogs.hoy.es\/wp-content\/uploads\/sites\/22\/2017\/11\/plantacion.jpg 624w\" sizes=\"(max-width: 300px) 100vw, 300px\" \/><br \/>\nEl colectivo \u2018Pulm\u00f3n Verde\u2019, en colaboraci\u00f3n con la asociaci\u00f3n senderista \u2018La Verea\u2019, llevar\u00e1 a cabo el pr\u00f3ximo domingo -12 de noviembre- su segunda plantaci\u00f3n en la sierra de San Crist\u00f3bal, para lo que cuenta con una subvenci\u00f3n del Plan de Ayudas a Asociaciones y Colectivos locales del Ayuntamiento de Los Santos de Maimona, que adem\u00e1s ha cedido los terrenos para dichas plantaciones.<!--more--><\/p>\n<p>La jornada comenzar\u00e1 a las 9.00 horas con una ruta senderista de unos 5 kil\u00f3metros y de baja dificultad que partir\u00e1 desde los merenderos de la sierra. En la sierra de Los Olivos, \u00c1ngela Garrote \u2013experta en temas medioambientales- explicar\u00e1 las caracter\u00edsticas de ese entorno y las especies que en ella se encuentran. Ya de vuelta, sobre las 11.00 horas, est\u00e1 previsto que d\u00e9 comienzo la plantaci\u00f3n en la sierra de San Crist\u00f3bal, concretamente en la antigua explanada de San Isidro. Al finalizar habr\u00e1 un aperitivo para todos los asistentes.<\/p>\n<p>Las personas interesadas en participar en esta actividad podr\u00e1n inscribirse hasta el martes -7 de noviembre- en la Universidad Popular Sante\u00f1a, la Librer\u00eda del Instituto o a trav\u00e9s del perfil del colectivo en Facebook.<\/p>\n<p>Este colectivo tambi\u00e9n quiere implicar a los m\u00e1s peque\u00f1os en su proyecto para se conciencien con la necesidad de proteger el medio ambiente desde peque\u00f1os. Es por ello que el \u2018Pulm\u00f3n Verde\u2019 ha organizado una jornada de plantaci\u00f3n, durante la ma\u00f1ana del viernes 11 de noviembre, con los alumnos de sexto curso de los tres colegios de la localidad y los de primero de la ESO del instituto en la falda de la sierra de San Crist\u00f3bal, donde se realiz\u00f3 la primera plantaci\u00f3n \u2013detr\u00e1s de la caseta de los peones camineros-, con el objetivo de replantar aquellas especies y \u00e1rboles que se hayan secado.<\/p>\n<!-- AddThis Advanced Settings generic via filter on the_content --><!-- AddThis Share Buttons generic via filter on the_content -->","protected":false},"excerpt":{"rendered":"<p>El colectivo \u2018Pulm\u00f3n Verde\u2019, en colaboraci\u00f3n con la asociaci\u00f3n senderista \u2018La Verea\u2019, llevar\u00e1 a cabo el pr\u00f3ximo domingo -12 de noviembre- su segunda plantaci\u00f3n en la sierra de San Crist\u00f3bal, para lo que cuenta con una subvenci\u00f3n del Plan de Ayudas a Asociaciones y Colectivos locales del Ayuntamiento de Los Santos de Maimona, que adem\u00e1s [&hellip;]<!-- AddThis Advanced Settings generic via filter on get_the_excerpt --><!-- AddThis Share Buttons generic via filter on get_the_excerpt --><\/p>\n","protected":false},"author":27,"featured_media":0,"comment_status":"open","ping_status":"closed","sticky":false,"template":"","format":"standard","meta":[],"categories":[4],"tags":[458,836,906],"_links":{"self":[{"href":"https:\/\/blogs.hoy.es\/senderosextremadura\/wp-json\/wp\/v2\/posts\/4170"}],"collection":[{"href":"https:\/\/blogs.hoy.es\/senderosextremadura\/wp-json\/wp\/v2\/posts"}],"about":[{"href":"https:\/\/blogs.hoy.es\/senderosextremadura\/wp-json\/wp\/v2\/types\/post"}],"author":[{"embeddable":true,"href":"https:\/\/blogs.hoy.es\/senderosextremadura\/wp-json\/wp\/v2\/users\/27"}],"replies":[{"embeddable":true,"href":"https:\/\/blogs.hoy.es\/senderosextremadura\/wp-json\/wp\/v2\/comments?post=4170"}],"version-history":[{"count":1,"href":"https:\/\/blogs.hoy.es\/senderosextremadura\/wp-json\/wp\/v2\/posts\/4170\/revisions"}],"predecessor-version":[{"id":4172,"href":"https:\/\/blogs.hoy.es\/senderosextremadura\/wp-json\/wp\/v2\/posts\/4170\/revisions\/4172"}],"wp:attachment":[{"href":"https:\/\/blogs.hoy.es\/senderosextremadura\/wp-json\/wp\/v2\/media?parent=4170"}],"wp:term":[{"taxonomy":"category","embeddable":true,"href":"https:\/\/blogs.hoy.es\/senderosextremadura\/wp-json\/wp\/v2\/categories?post=4170"},{"taxonomy":"post_tag","embeddable":true,"href":"https:\/\/blogs.hoy.es\/senderosextremadura\/wp-json\/wp\/v2\/tags?post=4170"}],"curies":[{"name":"wp","href":"https:\/\/api.w.org\/{rel}","templated":true}]}}