{"id":419,"date":"2012-04-20T11:58:29","date_gmt":"2012-04-20T11:58:29","guid":{"rendered":"http:\/\/blogs.hoy.es\/senderosextremadura\/?p=419"},"modified":"2012-04-20T11:58:29","modified_gmt":"2012-04-20T11:58:29","slug":"rutas-por-caceres-sierra-de-aguas-vivas","status":"publish","type":"post","link":"https:\/\/blogs.hoy.es\/senderosextremadura\/2012\/04\/20\/rutas-por-caceres-sierra-de-aguas-vivas\/","title":{"rendered":"RUTAS POR C\u00c1CERES &#124; Sierra de Aguas Vivas"},"content":{"rendered":"<h2><a href=\"https:\/\/blogs.hoy.es\/senderosextremadura\/2012\/04\/20\/rutas-por-caceres-sierra-de-aguas-vivas\/sierra-aguas\/\" rel=\"attachment wp-att-421\"><img loading=\"lazy\" class=\"aligncenter size-large wp-image-421\" title=\"Recorido de la ruta por la Sierra de Aguas Vivas\" src=\"\/senderosextremadura\/wp-content\/uploads\/sites\/22\/2012\/04\/sierra-aguas.jpg\" alt=\"\" width=\"672\" height=\"529\" srcset=\"https:\/\/static-blogs.hoy.es\/wp-content\/uploads\/sites\/22\/2012\/04\/sierra-aguas.jpg 1300w, https:\/\/static-blogs.hoy.es\/wp-content\/uploads\/sites\/22\/2012\/04\/sierra-aguas-300x236.jpg 300w, https:\/\/static-blogs.hoy.es\/wp-content\/uploads\/sites\/22\/2012\/04\/sierra-aguas-768x605.jpg 768w, https:\/\/static-blogs.hoy.es\/wp-content\/uploads\/sites\/22\/2012\/04\/sierra-aguas-600x473.jpg 600w\" sizes=\"(max-width: 672px) 100vw, 672px\" \/><\/a><\/h2>\n<h2><\/h2>\n<h2>El primer trayecto recomendado por el Ayuntamiento de C\u00e1ceres en la categor\u00eda de &#8216;Rutas por la naturaleza en C\u00e1ceres&#8217;, que repasaremos al completo en esta secci\u00f3n, nos lleva hasta la Sierra de Aguas Vivas. El inicio se marca en el Parque del Pr\u00edncipe, el \u2018pulm\u00f3n verde\u2019 de C\u00e1ceres por excelencia y que tiene 21,3 hect\u00e1reas. El parque tal y como lo conocemos (per\u00edmetro, viales, olmos y chopos, acondicionamiento de dependencias) se realiz\u00f3 en las d\u00e9cadas de los setenta y ochenta. Despu\u00e9s, se a\u00f1adi\u00f3 la Estufa Fr\u00eda o invernadero, el Jard\u00edn Bot\u00e1nico y se acondicion\u00f3 la entrada principal. Por \u00faltimo, se instal\u00f3 el \u2018Museo de Escultura al Aire Libre\u2019, once esculturas que est\u00e1n colocadas a lo largo del paseo. Tambi\u00e9n se puede observar la fuente de la Madrila, que nada tiene que ver con la plaza de Albatros sino que se encuentra en el mismo Parque del Pr\u00edncipe. Est\u00e1 situada junto al paseo central (en su entorno hab\u00eda lavaderos dispuestos en fila) y seg\u00fan se cre\u00eda a finales del siglo XVIII, sus aguas pose\u00edan propiedades medicinales.<\/h2>\n<h2>Las pr\u00f3ximas paradas, las fuentes de Aguas Vivas y B\u00e1rbara (o Barba). La primera ten\u00eda como funci\u00f3n no s\u00f3lo ser lavadero p\u00fablico, sino tambi\u00e9n abrevadero para el ganado y abastecimiento de agua para los vecinos. La segunda est\u00e1 situada al final del camino de Fuente Hinche, a la entrada de El Olivar Chico de los Frailes. Ambas han sido rehabilitadas a iniciativa municipal.<\/h2>\n<h2><\/h2>\n<h2>La ruta marca el Paseo Alto como otra parada. Desde la zona, tambi\u00e9n conocida como el Cerro del Teso, se obtiene una panor\u00e1mica de la ciudad y sus alrededores. Como curiosidad, la visita al Paseo Alto era recomendada a mediados del siglo XIX por los m\u00e9dicos a los pacientes de tuberculosis, ya que posee abundante arbolado, entre otros, encinas, madro\u00f1os o eucaliptos. Si accedemos por el Paseo Ibarrola, construido en la d\u00e9cada de los veinte, podemos visitar en la parte m\u00e1s elevada la Ermita de los Santos M\u00e1rtires, construida en 1860, y que da nombre, por ejemplo, a la Plaza de Toros \u2018Era de los m\u00e1rtires\u2019. El Paseo alberga un polvor\u00edn del a guerra civil, un antiguo dep\u00f3sito de agua, una fuente de estilo neomud\u00e9jar y el antiguo Jard\u00edn maternal. La zona es escenario de la tradicional Romer\u00eda de los Santos M\u00e1rtires.<\/h2>\n<h2>Nos vamos ahora al viejo camino de Fuente Hinche. Al igual que en algunas otras fuentes, los documentos del siglo XVIII reflejan que los vecinos cre\u00edan en las propiedades medicinales de sus aguas y sus usos. En el entono de la fuente, tambi\u00e9n recuperada a iniciativa municipal, las lavanderas cacere\u00f1as celebraban la fiesta de \u2018El Febrero\u2019. Terminamos la ruta en otro espacio verde de la ciudad, el Olivar Chico de los Frailes. Tiene una extensi\u00f3n de 12,5 hect\u00e1reas y conserva la vegetaci\u00f3n original de bosque mediterr\u00e1neo. En los noventa se rehabilit\u00f3 como Casa de Labranza, as\u00ed como la charca y el \u00e1rea de recreo, instalaciones inauguradas en 1995.<\/h2>\n<h2><\/h2>\n<h2>DISTANCIA: 6,2 km.<br \/>\nDESNIVEL: 116<br \/>\nDIFICULTAD: Baja.<br \/>\nDURACI\u00d3N: una hora y media.<br \/>\nTIPO: circular<\/h2>\n<h2><strong><strong><a href=\" http:\/\/servicios.hoy.es\/datos\/documentos\/rutas\/Ruta1.pdf\">Consulta m\u00e1s datos de la ruta (PDF)<\/a><\/strong><\/strong><\/h2>\n<p>&nbsp;<\/p>\n<!-- AddThis Advanced Settings generic via filter on the_content --><!-- AddThis Share Buttons generic via filter on the_content -->","protected":false},"excerpt":{"rendered":"<p>El primer trayecto recomendado por el Ayuntamiento de C\u00e1ceres en la categor\u00eda de &#8216;Rutas por la naturaleza en C\u00e1ceres&#8217;, que repasaremos al completo en esta secci\u00f3n, nos lleva hasta la Sierra de Aguas Vivas. El inicio se marca en el Parque del Pr\u00edncipe, el \u2018pulm\u00f3n verde\u2019 de C\u00e1ceres por excelencia y que tiene 21,3 hect\u00e1reas. [&hellip;]<!-- AddThis Advanced Settings generic via filter on get_the_excerpt --><!-- AddThis Share Buttons generic via filter on get_the_excerpt --><\/p>\n","protected":false},"author":27,"featured_media":0,"comment_status":"open","ping_status":"closed","sticky":false,"template":"","format":"standard","meta":[],"categories":[4],"tags":[18,121,602,1104],"_links":{"self":[{"href":"https:\/\/blogs.hoy.es\/senderosextremadura\/wp-json\/wp\/v2\/posts\/419"}],"collection":[{"href":"https:\/\/blogs.hoy.es\/senderosextremadura\/wp-json\/wp\/v2\/posts"}],"about":[{"href":"https:\/\/blogs.hoy.es\/senderosextremadura\/wp-json\/wp\/v2\/types\/post"}],"author":[{"embeddable":true,"href":"https:\/\/blogs.hoy.es\/senderosextremadura\/wp-json\/wp\/v2\/users\/27"}],"replies":[{"embeddable":true,"href":"https:\/\/blogs.hoy.es\/senderosextremadura\/wp-json\/wp\/v2\/comments?post=419"}],"version-history":[{"count":0,"href":"https:\/\/blogs.hoy.es\/senderosextremadura\/wp-json\/wp\/v2\/posts\/419\/revisions"}],"wp:attachment":[{"href":"https:\/\/blogs.hoy.es\/senderosextremadura\/wp-json\/wp\/v2\/media?parent=419"}],"wp:term":[{"taxonomy":"category","embeddable":true,"href":"https:\/\/blogs.hoy.es\/senderosextremadura\/wp-json\/wp\/v2\/categories?post=419"},{"taxonomy":"post_tag","embeddable":true,"href":"https:\/\/blogs.hoy.es\/senderosextremadura\/wp-json\/wp\/v2\/tags?post=419"}],"curies":[{"name":"wp","href":"https:\/\/api.w.org\/{rel}","templated":true}]}}