{"id":4220,"date":"2018-01-09T09:04:19","date_gmt":"2018-01-09T09:04:19","guid":{"rendered":"http:\/\/blogs.hoy.es\/senderosextremadura\/?p=4220"},"modified":"2018-01-09T09:04:19","modified_gmt":"2018-01-09T09:04:19","slug":"casar-de-palomero-organiza-la-ruta-de-los-molinos-y-lagares","status":"publish","type":"post","link":"https:\/\/blogs.hoy.es\/senderosextremadura\/2018\/01\/09\/casar-de-palomero-organiza-la-ruta-de-los-molinos-y-lagares\/","title":{"rendered":"Casar de Palomero organiza la Ruta de Los Molinos y Lagares"},"content":{"rendered":"<p><img loading=\"lazy\" class=\"aligncenter size-large wp-image-4221\" src=\"https:\/\/static-blogs.hoy.es\/wp-content\/uploads\/sites\/22\/2018\/01\/casar-palomero-600x370.jpg\" alt=\"casar-palomero\" width=\"600\" height=\"370\" srcset=\"https:\/\/static-blogs.hoy.es\/wp-content\/uploads\/sites\/22\/2018\/01\/casar-palomero-600x370.jpg 600w, https:\/\/static-blogs.hoy.es\/wp-content\/uploads\/sites\/22\/2018\/01\/casar-palomero-300x185.jpg 300w, https:\/\/static-blogs.hoy.es\/wp-content\/uploads\/sites\/22\/2018\/01\/casar-palomero.jpg 624w\" sizes=\"(max-width: 600px) 100vw, 600px\" \/><br \/>\nEl <strong>Ayuntamiento de Casar de Palomero<\/strong> ha organizado la <strong>Ruta de los Molinos y Lagares<\/strong>. La marcha por paisajes de Las Hurdes tendr\u00e1 lugar el <strong>28 de enero<\/strong>. La salida tendr\u00e1 lugar a las 9.30 horas. La entrega de dorsales comenzar\u00e1 una hora antes en la parada de autobuses. <!--more-->La inscripci\u00f3n tiene un <strong>precio de 5 euros<\/strong> e incluye seguro, avituallamiento y comida popular. El plazo\u00a0para apuntarse concluye el 26 de enero. El ingreso debe realizarse en el n\u00famero de cuenta de Liberbank ES11 2048 1015 4130 0002 7954.<\/p>\n<!-- AddThis Advanced Settings generic via filter on the_content --><!-- AddThis Share Buttons generic via filter on the_content -->","protected":false},"excerpt":{"rendered":"<p>El Ayuntamiento de Casar de Palomero ha organizado la Ruta de los Molinos y Lagares. La marcha por paisajes de Las Hurdes tendr\u00e1 lugar el 28 de enero. La salida tendr\u00e1 lugar a las 9.30 horas. La entrega de dorsales comenzar\u00e1 una hora antes en la parada de autobuses.<!-- AddThis Advanced Settings generic via filter on get_the_excerpt --><!-- AddThis Share Buttons generic via filter on get_the_excerpt --><\/p>\n","protected":false},"author":27,"featured_media":0,"comment_status":"open","ping_status":"closed","sticky":false,"template":"","format":"standard","meta":[],"categories":[1],"tags":[1171,836,1170,906],"_links":{"self":[{"href":"https:\/\/blogs.hoy.es\/senderosextremadura\/wp-json\/wp\/v2\/posts\/4220"}],"collection":[{"href":"https:\/\/blogs.hoy.es\/senderosextremadura\/wp-json\/wp\/v2\/posts"}],"about":[{"href":"https:\/\/blogs.hoy.es\/senderosextremadura\/wp-json\/wp\/v2\/types\/post"}],"author":[{"embeddable":true,"href":"https:\/\/blogs.hoy.es\/senderosextremadura\/wp-json\/wp\/v2\/users\/27"}],"replies":[{"embeddable":true,"href":"https:\/\/blogs.hoy.es\/senderosextremadura\/wp-json\/wp\/v2\/comments?post=4220"}],"version-history":[{"count":1,"href":"https:\/\/blogs.hoy.es\/senderosextremadura\/wp-json\/wp\/v2\/posts\/4220\/revisions"}],"predecessor-version":[{"id":4222,"href":"https:\/\/blogs.hoy.es\/senderosextremadura\/wp-json\/wp\/v2\/posts\/4220\/revisions\/4222"}],"wp:attachment":[{"href":"https:\/\/blogs.hoy.es\/senderosextremadura\/wp-json\/wp\/v2\/media?parent=4220"}],"wp:term":[{"taxonomy":"category","embeddable":true,"href":"https:\/\/blogs.hoy.es\/senderosextremadura\/wp-json\/wp\/v2\/categories?post=4220"},{"taxonomy":"post_tag","embeddable":true,"href":"https:\/\/blogs.hoy.es\/senderosextremadura\/wp-json\/wp\/v2\/tags?post=4220"}],"curies":[{"name":"wp","href":"https:\/\/api.w.org\/{rel}","templated":true}]}}