{"id":4223,"date":"2018-01-12T09:19:21","date_gmt":"2018-01-12T09:19:21","guid":{"rendered":"http:\/\/blogs.hoy.es\/senderosextremadura\/?p=4223"},"modified":"2018-01-12T09:19:21","modified_gmt":"2018-01-12T09:19:21","slug":"sierra-gorda-una-marcha-con-migas-ruta-infantil-y-paella-popular","status":"publish","type":"post","link":"https:\/\/blogs.hoy.es\/senderosextremadura\/2018\/01\/12\/sierra-gorda-una-marcha-con-migas-ruta-infantil-y-paella-popular\/","title":{"rendered":"Sierra Gorda, una marcha con migas, ruta infantil y paella popular"},"content":{"rendered":"<p><img loading=\"lazy\" class=\"aligncenter size-large wp-image-4225\" src=\"https:\/\/static-blogs.hoy.es\/wp-content\/uploads\/sites\/22\/2018\/01\/senderos-600x450.jpg\" alt=\"senderos\" width=\"600\" height=\"450\" srcset=\"https:\/\/static-blogs.hoy.es\/wp-content\/uploads\/sites\/22\/2018\/01\/senderos-600x450.jpg 600w, https:\/\/static-blogs.hoy.es\/wp-content\/uploads\/sites\/22\/2018\/01\/senderos-300x225.jpg 300w, https:\/\/static-blogs.hoy.es\/wp-content\/uploads\/sites\/22\/2018\/01\/senderos.jpg 760w\" sizes=\"(max-width: 600px) 100vw, 600px\" \/><\/p>\n<p>El circuito de <strong>rutas Mancomunidad Integral L\u00e1cara los Bald\u00edos<\/strong> ha programado para el pr\u00f3ximo 20 de enero una marcha por <strong>Puebla de Obando<\/strong> y su Mirador de Sierra Gorda. Se trata de una ruta circular f\u00e1cil por la inmejorable dehesa de este municipio y con un atractivo ascenso final para los m\u00e1s osados, hasta alcanzar el mirador desde el que se pueden disfrutar privilegiadas vistas del municipio y el <strong>puerto del Z\u00e1ngano.<\/strong><\/p>\n<p>La ruta tiene una <strong>distancia aproximada de 14 km<\/strong>, m\u00e1s la subida y bajada al mirador que a\u00f1ade otros 3 km al recorrido total y un punto m\u00e1s de dificultad para los m\u00e1s intr\u00e9pidos. La subida al mirador es opcional, pero las vistas merecen la pena el esfuerzo.<!--more--><\/p>\n<p>La actividad incluye una <strong>ruta familiar infantil y ruta guarder\u00eda<\/strong>, una marcha corta y sencilla de unos seis kil\u00f3metros, guiada por monitores y complementada con juegos y sorpresas. Esta segunda marcha es ideal para los m\u00e1s peque\u00f1os, desde los 5 a\u00f1os aproximadamente (seg\u00fan lo acostumbrados que est\u00e9n a andar) y permitir\u00e1 a los padres tenerlos entretenidos mientras caminan disfrutando de un agradable paseo campestre.<\/p>\n<p>Como siempre, se incluye caf\u00e9 con migas para el recibimiento (galletas para los ni\u00f1os), avituallamientos, con la posibilidad de realizar alguno sorpresa. Al finalizar la ruta los participantes disfrutar\u00e1n de una paella popular gigante, junto a los vecinos de la localidad.<br \/>\nNuevamente la organizaci\u00f3n de esta marcha quiere que una parte de la cuota de inscripci\u00f3n tenga un fin solidario y por ello se destinada a ALCER Badajoz.<\/p>\n<p><a href=\"http:\/\/senderoslacarabaldios.blogspot.com.es\/2018\/01\/iv-ruta-senderista-mirador-de-sierra.html?m=1\" rel=\"external nofollow\">M\u00e1s informaci\u00f3n<\/a> sobre la inscripci\u00f3n y el programa.<\/p>\n<p><img loading=\"lazy\" class=\"aligncenter size-large wp-image-4224\" src=\"https:\/\/static-blogs.hoy.es\/wp-content\/uploads\/sites\/22\/2018\/01\/cartel-ruta-MIRADOR-PUEBLA-DE-OBANDO-2018-600x850.jpg\" alt=\"cartel-ruta-mirador-puebla-de-obando-2018\" width=\"600\" height=\"850\" srcset=\"https:\/\/static-blogs.hoy.es\/wp-content\/uploads\/sites\/22\/2018\/01\/cartel-ruta-MIRADOR-PUEBLA-DE-OBANDO-2018-600x850.jpg 600w, https:\/\/static-blogs.hoy.es\/wp-content\/uploads\/sites\/22\/2018\/01\/cartel-ruta-MIRADOR-PUEBLA-DE-OBANDO-2018-212x300.jpg 212w, https:\/\/static-blogs.hoy.es\/wp-content\/uploads\/sites\/22\/2018\/01\/cartel-ruta-MIRADOR-PUEBLA-DE-OBANDO-2018-768x1087.jpg 768w, https:\/\/static-blogs.hoy.es\/wp-content\/uploads\/sites\/22\/2018\/01\/cartel-ruta-MIRADOR-PUEBLA-DE-OBANDO-2018.jpg 1130w\" sizes=\"(max-width: 600px) 100vw, 600px\" \/><\/p>\n<!-- AddThis Advanced Settings generic via filter on the_content --><!-- AddThis Share Buttons generic via filter on the_content -->","protected":false},"excerpt":{"rendered":"<p>El circuito de rutas Mancomunidad Integral L\u00e1cara los Bald\u00edos ha programado para el pr\u00f3ximo 20 de enero una marcha por Puebla de Obando y su Mirador de Sierra Gorda. Se trata de una ruta circular f\u00e1cil por la inmejorable dehesa de este municipio y con un atractivo ascenso final para los m\u00e1s osados, hasta alcanzar [&hellip;]<!-- AddThis Advanced Settings generic via filter on get_the_excerpt --><!-- AddThis Share Buttons generic via filter on get_the_excerpt --><\/p>\n","protected":false},"author":27,"featured_media":0,"comment_status":"open","ping_status":"closed","sticky":false,"template":"","format":"standard","meta":[],"categories":[4],"tags":[1172,836,906,1035],"_links":{"self":[{"href":"https:\/\/blogs.hoy.es\/senderosextremadura\/wp-json\/wp\/v2\/posts\/4223"}],"collection":[{"href":"https:\/\/blogs.hoy.es\/senderosextremadura\/wp-json\/wp\/v2\/posts"}],"about":[{"href":"https:\/\/blogs.hoy.es\/senderosextremadura\/wp-json\/wp\/v2\/types\/post"}],"author":[{"embeddable":true,"href":"https:\/\/blogs.hoy.es\/senderosextremadura\/wp-json\/wp\/v2\/users\/27"}],"replies":[{"embeddable":true,"href":"https:\/\/blogs.hoy.es\/senderosextremadura\/wp-json\/wp\/v2\/comments?post=4223"}],"version-history":[{"count":1,"href":"https:\/\/blogs.hoy.es\/senderosextremadura\/wp-json\/wp\/v2\/posts\/4223\/revisions"}],"predecessor-version":[{"id":4226,"href":"https:\/\/blogs.hoy.es\/senderosextremadura\/wp-json\/wp\/v2\/posts\/4223\/revisions\/4226"}],"wp:attachment":[{"href":"https:\/\/blogs.hoy.es\/senderosextremadura\/wp-json\/wp\/v2\/media?parent=4223"}],"wp:term":[{"taxonomy":"category","embeddable":true,"href":"https:\/\/blogs.hoy.es\/senderosextremadura\/wp-json\/wp\/v2\/categories?post=4223"},{"taxonomy":"post_tag","embeddable":true,"href":"https:\/\/blogs.hoy.es\/senderosextremadura\/wp-json\/wp\/v2\/tags?post=4223"}],"curies":[{"name":"wp","href":"https:\/\/api.w.org\/{rel}","templated":true}]}}