{"id":4230,"date":"2018-02-06T10:25:28","date_gmt":"2018-02-06T10:25:28","guid":{"rendered":"http:\/\/blogs.hoy.es\/senderosextremadura\/?p=4230"},"modified":"2018-02-15T16:29:29","modified_gmt":"2018-02-15T16:29:29","slug":"barcarrota-organiza-la-iii-travesia-del-alcarrache-18-de-febrero","status":"publish","type":"post","link":"https:\/\/blogs.hoy.es\/senderosextremadura\/2018\/02\/06\/barcarrota-organiza-la-iii-travesia-del-alcarrache-18-de-febrero\/","title":{"rendered":"Barcarrota organiza la III Traves\u00eda del Alcarrache (18 de febrero)"},"content":{"rendered":"<p><img loading=\"lazy\" class=\"aligncenter size-large wp-image-4231\" src=\"https:\/\/static-blogs.hoy.es\/wp-content\/uploads\/sites\/22\/2018\/02\/alcarrache-600x370.jpg\" alt=\"alcarrache\" width=\"600\" height=\"370\" srcset=\"https:\/\/static-blogs.hoy.es\/wp-content\/uploads\/sites\/22\/2018\/02\/alcarrache-600x370.jpg 600w, https:\/\/static-blogs.hoy.es\/wp-content\/uploads\/sites\/22\/2018\/02\/alcarrache-300x185.jpg 300w, https:\/\/static-blogs.hoy.es\/wp-content\/uploads\/sites\/22\/2018\/02\/alcarrache.jpg 624w\" sizes=\"(max-width: 600px) 100vw, 600px\" \/><\/p>\n<p><strong>Barcarrota<\/strong> acoge el domingo 18 de febrero la <strong>III Ruta senderista Traver\u00eda del Alcarrache<\/strong>. La caminata tendr\u00e1 como protagonista uno de los afluentes del Guadiana, el r\u00edo Alcarrache. Se trata de una cita que empieza a estar en la agenda de los amantes extreme\u00f1os de la naturaleza y el senderismo. <!--more-->La marcha circular con salida y llegada en la pista deportiva comenzar\u00e1 a las 9.30 horas junto al parque de la localidad pacense. En el recorrido de 19 kil\u00f3metros habr\u00e1 avituallamiento s\u00f3lido y l\u00edquido. Las inscripciones se han limitado a 500 plazas. La cuota es de 7 euros por persona (incluye seguro, desayuno, avituallamiento, regalo y comida). Las inscripciones se realizar\u00e1n a trav\u00e9s de la <a href=\"http:\/\/www.alcorextremadura.org\/eventos-y-promocion\/i-ruta-senderista-travesia-del-alcarrache\" rel=\"external nofollow\">web del club Alcor Extremadura.<\/a><\/p>\n<p>&nbsp;<\/p>\n<!-- AddThis Advanced Settings generic via filter on the_content --><!-- AddThis Share Buttons generic via filter on the_content -->","protected":false},"excerpt":{"rendered":"<p>Barcarrota acoge el domingo 18 de febrero la III Ruta senderista Traver\u00eda del Alcarrache. La caminata tendr\u00e1 como protagonista uno de los afluentes del Guadiana, el r\u00edo Alcarrache. Se trata de una cita que empieza a estar en la agenda de los amantes extreme\u00f1os de la naturaleza y el senderismo.<!-- AddThis Advanced Settings generic via filter on get_the_excerpt --><!-- AddThis Share Buttons generic via filter on get_the_excerpt --><\/p>\n","protected":false},"author":27,"featured_media":0,"comment_status":"open","ping_status":"closed","sticky":false,"template":"","format":"standard","meta":[],"categories":[4],"tags":[91,1174,817,836,906],"_links":{"self":[{"href":"https:\/\/blogs.hoy.es\/senderosextremadura\/wp-json\/wp\/v2\/posts\/4230"}],"collection":[{"href":"https:\/\/blogs.hoy.es\/senderosextremadura\/wp-json\/wp\/v2\/posts"}],"about":[{"href":"https:\/\/blogs.hoy.es\/senderosextremadura\/wp-json\/wp\/v2\/types\/post"}],"author":[{"embeddable":true,"href":"https:\/\/blogs.hoy.es\/senderosextremadura\/wp-json\/wp\/v2\/users\/27"}],"replies":[{"embeddable":true,"href":"https:\/\/blogs.hoy.es\/senderosextremadura\/wp-json\/wp\/v2\/comments?post=4230"}],"version-history":[{"count":2,"href":"https:\/\/blogs.hoy.es\/senderosextremadura\/wp-json\/wp\/v2\/posts\/4230\/revisions"}],"predecessor-version":[{"id":4236,"href":"https:\/\/blogs.hoy.es\/senderosextremadura\/wp-json\/wp\/v2\/posts\/4230\/revisions\/4236"}],"wp:attachment":[{"href":"https:\/\/blogs.hoy.es\/senderosextremadura\/wp-json\/wp\/v2\/media?parent=4230"}],"wp:term":[{"taxonomy":"category","embeddable":true,"href":"https:\/\/blogs.hoy.es\/senderosextremadura\/wp-json\/wp\/v2\/categories?post=4230"},{"taxonomy":"post_tag","embeddable":true,"href":"https:\/\/blogs.hoy.es\/senderosextremadura\/wp-json\/wp\/v2\/tags?post=4230"}],"curies":[{"name":"wp","href":"https:\/\/api.w.org\/{rel}","templated":true}]}}