{"id":4233,"date":"2018-02-15T16:22:38","date_gmt":"2018-02-15T16:22:38","guid":{"rendered":"http:\/\/blogs.hoy.es\/senderosextremadura\/?p=4233"},"modified":"2018-02-15T16:22:38","modified_gmt":"2018-02-15T16:22:38","slug":"ruta-por-el-valle-hurdano-del-esperaban-25-de-febrero","status":"publish","type":"post","link":"https:\/\/blogs.hoy.es\/senderosextremadura\/2018\/02\/15\/ruta-por-el-valle-hurdano-del-esperaban-25-de-febrero\/","title":{"rendered":"Ruta por el valle hurdano del Esperab\u00e1n (25 de febrero)"},"content":{"rendered":"<p>La <strong>Asociaci\u00f3n Ademoxa de Moralej<\/strong>a ha programado una marcha senderista por Las Hurdes. La ruta tendr\u00e1 lugar el 25 de febrero en el Valle del Esperab\u00e1n. <!--more-->La dificultad del recorrido, de <strong>16,5 kil\u00f3metros, es media-alta<\/strong>. Monta\u00f1as y valles de gran belleza esperan al caminante. Los participantes saldr\u00e1n en autob\u00fas desde Moraleja a las 8 de la ma\u00f1ana (avenida de Extremadura, 10). La fecha l\u00edmite de inscripci\u00f3n es el 23 de febrero.<\/p>\n<p><img loading=\"lazy\" class=\"aligncenter size-large wp-image-4234\" src=\"https:\/\/static-blogs.hoy.es\/wp-content\/uploads\/sites\/22\/2018\/02\/ruta-ademoxa-600x410.jpg\" alt=\"ruta-ademoxa\" width=\"600\" height=\"410\" srcset=\"https:\/\/static-blogs.hoy.es\/wp-content\/uploads\/sites\/22\/2018\/02\/ruta-ademoxa-600x410.jpg 600w, https:\/\/static-blogs.hoy.es\/wp-content\/uploads\/sites\/22\/2018\/02\/ruta-ademoxa-300x205.jpg 300w, https:\/\/static-blogs.hoy.es\/wp-content\/uploads\/sites\/22\/2018\/02\/ruta-ademoxa-768x525.jpg 768w, https:\/\/static-blogs.hoy.es\/wp-content\/uploads\/sites\/22\/2018\/02\/ruta-ademoxa.jpg 879w\" sizes=\"(max-width: 600px) 100vw, 600px\" \/><\/p>\n<!-- AddThis Advanced Settings generic via filter on the_content --><!-- AddThis Share Buttons generic via filter on the_content -->","protected":false},"excerpt":{"rendered":"<p>La Asociaci\u00f3n Ademoxa de Moraleja ha programado una marcha senderista por Las Hurdes. La ruta tendr\u00e1 lugar el 25 de febrero en el Valle del Esperab\u00e1n.<!-- AddThis Advanced Settings generic via filter on get_the_excerpt --><!-- AddThis Share Buttons generic via filter on get_the_excerpt --><\/p>\n","protected":false},"author":27,"featured_media":0,"comment_status":"open","ping_status":"closed","sticky":false,"template":"","format":"standard","meta":[],"categories":[4],"tags":[1175,821,906],"_links":{"self":[{"href":"https:\/\/blogs.hoy.es\/senderosextremadura\/wp-json\/wp\/v2\/posts\/4233"}],"collection":[{"href":"https:\/\/blogs.hoy.es\/senderosextremadura\/wp-json\/wp\/v2\/posts"}],"about":[{"href":"https:\/\/blogs.hoy.es\/senderosextremadura\/wp-json\/wp\/v2\/types\/post"}],"author":[{"embeddable":true,"href":"https:\/\/blogs.hoy.es\/senderosextremadura\/wp-json\/wp\/v2\/users\/27"}],"replies":[{"embeddable":true,"href":"https:\/\/blogs.hoy.es\/senderosextremadura\/wp-json\/wp\/v2\/comments?post=4233"}],"version-history":[{"count":1,"href":"https:\/\/blogs.hoy.es\/senderosextremadura\/wp-json\/wp\/v2\/posts\/4233\/revisions"}],"predecessor-version":[{"id":4235,"href":"https:\/\/blogs.hoy.es\/senderosextremadura\/wp-json\/wp\/v2\/posts\/4233\/revisions\/4235"}],"wp:attachment":[{"href":"https:\/\/blogs.hoy.es\/senderosextremadura\/wp-json\/wp\/v2\/media?parent=4233"}],"wp:term":[{"taxonomy":"category","embeddable":true,"href":"https:\/\/blogs.hoy.es\/senderosextremadura\/wp-json\/wp\/v2\/categories?post=4233"},{"taxonomy":"post_tag","embeddable":true,"href":"https:\/\/blogs.hoy.es\/senderosextremadura\/wp-json\/wp\/v2\/tags?post=4233"}],"curies":[{"name":"wp","href":"https:\/\/api.w.org\/{rel}","templated":true}]}}