{"id":4238,"date":"2018-02-16T19:31:39","date_gmt":"2018-02-16T19:31:39","guid":{"rendered":"http:\/\/blogs.hoy.es\/senderosextremadura\/?p=4238"},"modified":"2018-02-16T20:27:09","modified_gmt":"2018-02-16T20:27:09","slug":"la-iv-ruta-de-los-enamorados-de-cheles-recorrera-el-cerro-de-la-mora-18-de-febrero","status":"publish","type":"post","link":"https:\/\/blogs.hoy.es\/senderosextremadura\/2018\/02\/16\/la-iv-ruta-de-los-enamorados-de-cheles-recorrera-el-cerro-de-la-mora-18-de-febrero\/","title":{"rendered":"La IV Ruta de los Enamorados de Cheles recorrer\u00e1 el Cerro de la Mora (18 de febrero)"},"content":{"rendered":"<p><img loading=\"lazy\" class=\"aligncenter size-large wp-image-4239\" src=\"https:\/\/static-blogs.hoy.es\/wp-content\/uploads\/sites\/22\/2018\/02\/cheles-600x395.jpg\" alt=\"cheles\" width=\"600\" height=\"395\" srcset=\"https:\/\/static-blogs.hoy.es\/wp-content\/uploads\/sites\/22\/2018\/02\/cheles-600x395.jpg 600w, https:\/\/static-blogs.hoy.es\/wp-content\/uploads\/sites\/22\/2018\/02\/cheles-300x198.jpg 300w, https:\/\/static-blogs.hoy.es\/wp-content\/uploads\/sites\/22\/2018\/02\/cheles.jpg 741w\" sizes=\"(max-width: 600px) 100vw, 600px\" \/><\/p>\n<p>La localidad pacense de<strong> Cheles<\/strong> acoge el pr\u00f3ximo domingo 18 de febrero la <strong>IV Ruta de los Enamorados por el Cerro de la Mora<\/strong>. La marcha comenzar\u00e1 a las diez de la ma\u00f1ana en el descanso del cemenerio y se recorrer\u00e1n 14 kil\u00f3metros. La marcha, que permitir\u00e1 disfrutar de un paseo con historia, ha sido organizada por <strong>Alqueva Entretenida<\/strong>. \u00a0La inscripci\u00f3n es gratuita enviando un mensaje de Whatsapp al 690329406. Al final la actividad deportiva se ofrecer\u00e1 una comida solidaria a beneficio de la Asociaci\u00f3n Espa\u00f1ola contra el C\u00e1ncer.<\/p>\n<!-- AddThis Advanced Settings generic via filter on the_content --><!-- AddThis Share Buttons generic via filter on the_content -->","protected":false},"excerpt":{"rendered":"<p>La localidad pacense de Cheles acoge el pr\u00f3ximo domingo 18 de febrero la IV Ruta de los Enamorados por el Cerro de la Mora. La marcha comenzar\u00e1 a las diez de la ma\u00f1ana en el descanso del cemenerio y se recorrer\u00e1n 14 kil\u00f3metros. La marcha, que permitir\u00e1 disfrutar de un paseo con historia, ha sido [&hellip;]<!-- AddThis Advanced Settings generic via filter on get_the_excerpt --><!-- AddThis Share Buttons generic via filter on get_the_excerpt --><\/p>\n","protected":false},"author":27,"featured_media":0,"comment_status":"open","ping_status":"closed","sticky":false,"template":"","format":"standard","meta":[],"categories":[4],"tags":[],"_links":{"self":[{"href":"https:\/\/blogs.hoy.es\/senderosextremadura\/wp-json\/wp\/v2\/posts\/4238"}],"collection":[{"href":"https:\/\/blogs.hoy.es\/senderosextremadura\/wp-json\/wp\/v2\/posts"}],"about":[{"href":"https:\/\/blogs.hoy.es\/senderosextremadura\/wp-json\/wp\/v2\/types\/post"}],"author":[{"embeddable":true,"href":"https:\/\/blogs.hoy.es\/senderosextremadura\/wp-json\/wp\/v2\/users\/27"}],"replies":[{"embeddable":true,"href":"https:\/\/blogs.hoy.es\/senderosextremadura\/wp-json\/wp\/v2\/comments?post=4238"}],"version-history":[{"count":3,"href":"https:\/\/blogs.hoy.es\/senderosextremadura\/wp-json\/wp\/v2\/posts\/4238\/revisions"}],"predecessor-version":[{"id":4242,"href":"https:\/\/blogs.hoy.es\/senderosextremadura\/wp-json\/wp\/v2\/posts\/4238\/revisions\/4242"}],"wp:attachment":[{"href":"https:\/\/blogs.hoy.es\/senderosextremadura\/wp-json\/wp\/v2\/media?parent=4238"}],"wp:term":[{"taxonomy":"category","embeddable":true,"href":"https:\/\/blogs.hoy.es\/senderosextremadura\/wp-json\/wp\/v2\/categories?post=4238"},{"taxonomy":"post_tag","embeddable":true,"href":"https:\/\/blogs.hoy.es\/senderosextremadura\/wp-json\/wp\/v2\/tags?post=4238"}],"curies":[{"name":"wp","href":"https:\/\/api.w.org\/{rel}","templated":true}]}}