{"id":4243,"date":"2018-02-20T08:32:21","date_gmt":"2018-02-20T08:32:21","guid":{"rendered":"http:\/\/blogs.hoy.es\/senderosextremadura\/?p=4243"},"modified":"2018-02-20T08:33:03","modified_gmt":"2018-02-20T08:33:03","slug":"ruta-por-la-sierrilla-de-nogales-25-de-febrero","status":"publish","type":"post","link":"https:\/\/blogs.hoy.es\/senderosextremadura\/2018\/02\/20\/ruta-por-la-sierrilla-de-nogales-25-de-febrero\/","title":{"rendered":"Ruta por la Sierrilla de Nogales (25 de febrero)"},"content":{"rendered":"<p><img loading=\"lazy\" class=\"aligncenter size-large wp-image-4244\" src=\"https:\/\/static-blogs.hoy.es\/wp-content\/uploads\/sites\/22\/2018\/02\/castillo-no-600x370.jpg\" alt=\"castillo-no\" width=\"600\" height=\"370\" srcset=\"https:\/\/static-blogs.hoy.es\/wp-content\/uploads\/sites\/22\/2018\/02\/castillo-no-600x370.jpg 600w, https:\/\/static-blogs.hoy.es\/wp-content\/uploads\/sites\/22\/2018\/02\/castillo-no-300x185.jpg 300w, https:\/\/static-blogs.hoy.es\/wp-content\/uploads\/sites\/22\/2018\/02\/castillo-no.jpg 624w\" sizes=\"(max-width: 600px) 100vw, 600px\" \/><\/p>\n<p><strong>ZonaViaje<\/strong> ha programado para el pr\u00f3ximo domingo 25 de febrero la <strong>Ruta de la Sierrilla de Nogales<\/strong>. Despu\u00e9s de tomar un buen desayuno a base de migas o tostadas, los senderistas se dirigir\u00e1n hacia el castillo. Desde la fortaleza podr\u00e1n contemplar buenas vistas y parte del camino de la marcha. Continuar\u00e1n por el camino que lleva hacia la rivera de Nogales. <!--more-->All\u00ed encontrar\u00e1n el charco del molino y el <strong>Puente Viejo<\/strong> de seis ojos datado en el siglo XVI. En este punto tomar\u00e1n el camino de la <strong>Torre de Miguel Sesmero<\/strong>, m\u00e1s adelante sseguir\u00e1n la senda que lleva a los pies de La Sierrilla. Una vez atravesada la sierra, girar\u00e1n a la derecha por el camino de los Madro\u00f1ales y se encaminar\u00e1n hasta el paraje conocido como Los Doce Ap\u00f3stoles, nombre que responde a los majestuosos alcornoques de la zona. De los cuales, solo siete siguen en pie.<\/p>\n<p>Despu\u00e9s de esta obligada parada volver\u00e1n sobre sus pasos para tomar una senda paralela al regato de la Bejarana hasta llegar al regato de los Moriscos. All\u00ed girar\u00e1n hacia la derecha para tomar el camino de la Sierra de Monsalud, y atravesando de nuevo la rivera de Nogales para seguir el camino que conduce en una subida final hasta la ladera del sol donde se da por finalizada la ruta.<\/p>\n<p>Durante todo el recorrido los caminantes disfrutar\u00e1n de los campos de olivos, vi\u00f1edos y explotaciones ganaderas de la dehesa extreme\u00f1a, siempre presidida por la Sierra de Monsalud.<br \/>\nEl precio de la marcha es de <strong>18 euros<\/strong> e incluye traslados, seguro, gu\u00edas, desayuno y almuerzo. Habr\u00e1 salidas en autob\u00fas desde Badajoz (8 horas) y Aldmendral (8.30 horas).<\/p>\n<p><a href=\"https:\/\/www.facebook.com\/events\/151917958805087\/\" rel=\"external nofollow\">M\u00e1s informaci\u00f3n sobre inscripciones.\u00a0<\/a><\/p>\n<!-- AddThis Advanced Settings generic via filter on the_content --><!-- AddThis Share Buttons generic via filter on the_content -->","protected":false},"excerpt":{"rendered":"<p>ZonaViaje ha programado para el pr\u00f3ximo domingo 25 de febrero la Ruta de la Sierrilla de Nogales. Despu\u00e9s de tomar un buen desayuno a base de migas o tostadas, los senderistas se dirigir\u00e1n hacia el castillo. Desde la fortaleza podr\u00e1n contemplar buenas vistas y parte del camino de la marcha. Continuar\u00e1n por el camino que [&hellip;]<!-- AddThis Advanced Settings generic via filter on get_the_excerpt --><!-- AddThis Share Buttons generic via filter on get_the_excerpt --><\/p>\n","protected":false},"author":27,"featured_media":0,"comment_status":"open","ping_status":"closed","sticky":false,"template":"","format":"standard","meta":[],"categories":[4],"tags":[575,847,873,906],"_links":{"self":[{"href":"https:\/\/blogs.hoy.es\/senderosextremadura\/wp-json\/wp\/v2\/posts\/4243"}],"collection":[{"href":"https:\/\/blogs.hoy.es\/senderosextremadura\/wp-json\/wp\/v2\/posts"}],"about":[{"href":"https:\/\/blogs.hoy.es\/senderosextremadura\/wp-json\/wp\/v2\/types\/post"}],"author":[{"embeddable":true,"href":"https:\/\/blogs.hoy.es\/senderosextremadura\/wp-json\/wp\/v2\/users\/27"}],"replies":[{"embeddable":true,"href":"https:\/\/blogs.hoy.es\/senderosextremadura\/wp-json\/wp\/v2\/comments?post=4243"}],"version-history":[{"count":2,"href":"https:\/\/blogs.hoy.es\/senderosextremadura\/wp-json\/wp\/v2\/posts\/4243\/revisions"}],"predecessor-version":[{"id":4246,"href":"https:\/\/blogs.hoy.es\/senderosextremadura\/wp-json\/wp\/v2\/posts\/4243\/revisions\/4246"}],"wp:attachment":[{"href":"https:\/\/blogs.hoy.es\/senderosextremadura\/wp-json\/wp\/v2\/media?parent=4243"}],"wp:term":[{"taxonomy":"category","embeddable":true,"href":"https:\/\/blogs.hoy.es\/senderosextremadura\/wp-json\/wp\/v2\/categories?post=4243"},{"taxonomy":"post_tag","embeddable":true,"href":"https:\/\/blogs.hoy.es\/senderosextremadura\/wp-json\/wp\/v2\/tags?post=4243"}],"curies":[{"name":"wp","href":"https:\/\/api.w.org\/{rel}","templated":true}]}}