{"id":4248,"date":"2018-02-26T20:54:15","date_gmt":"2018-02-26T20:54:15","guid":{"rendered":"http:\/\/blogs.hoy.es\/senderosextremadura\/?p=4248"},"modified":"2018-02-26T20:54:15","modified_gmt":"2018-02-26T20:54:15","slug":"la-viii-ruta-de-los-buitres-de-salvaleon-se-celebra-el-11-de-marzo","status":"publish","type":"post","link":"https:\/\/blogs.hoy.es\/senderosextremadura\/2018\/02\/26\/la-viii-ruta-de-los-buitres-de-salvaleon-se-celebra-el-11-de-marzo\/","title":{"rendered":"La VIII Ruta de los Buitres de Salvale\u00f3n se celebra el 11 de marzo"},"content":{"rendered":"<p><img loading=\"lazy\" class=\"size-full wp-image-4249\" src=\"https:\/\/static-blogs.hoy.es\/wp-content\/uploads\/sites\/22\/2018\/02\/senderismo-buitres.jpg\" alt=\"????????????????????????????????????\" width=\"500\" height=\"348\" srcset=\"https:\/\/static-blogs.hoy.es\/wp-content\/uploads\/sites\/22\/2018\/02\/senderismo-buitres.jpg 500w, https:\/\/static-blogs.hoy.es\/wp-content\/uploads\/sites\/22\/2018\/02\/senderismo-buitres-300x209.jpg 300w\" sizes=\"(max-width: 500px) 100vw, 500px\" \/><\/p>\n<p><!--more-->El club Senderismo Salvale\u00f3n ha programado para el domingo 11 de marzo la <strong>octava ruta &#8216;Los Buitres&#8217;.<\/strong> Los caminantes recorrer\u00e1n 20 kil\u00f3metros en un trayecto de dificultad media-alta por parajes de la localidad pacense. La caminata comenzar\u00e1 a las 8.30 horas y la llegada est\u00e1 prevista a las 13.30 horas. El coste de inscripci\u00f3n es de 3 euros y los interesados pueden apuntarse a trav\u00e9s del <a href=\"https:\/\/docs.google.com\/forms\/d\/e\/1FAIpQLScXYKEERxzqHL2U1UDgpaTHmHJfhOF6bz5t1WwJBMyj_XVskQ\/viewform\">formulario colgado en la web del club.\u00a0<\/a><\/p>\n<!-- AddThis Advanced Settings generic via filter on the_content --><!-- AddThis Share Buttons generic via filter on the_content -->","protected":false},"excerpt":{"rendered":"<p><!-- AddThis Advanced Settings generic via filter on get_the_excerpt --><!-- AddThis Share Buttons generic via filter on get_the_excerpt --><\/p>\n","protected":false},"author":27,"featured_media":0,"comment_status":"open","ping_status":"closed","sticky":false,"template":"","format":"standard","meta":[],"categories":[4],"tags":[817,836,884,906],"_links":{"self":[{"href":"https:\/\/blogs.hoy.es\/senderosextremadura\/wp-json\/wp\/v2\/posts\/4248"}],"collection":[{"href":"https:\/\/blogs.hoy.es\/senderosextremadura\/wp-json\/wp\/v2\/posts"}],"about":[{"href":"https:\/\/blogs.hoy.es\/senderosextremadura\/wp-json\/wp\/v2\/types\/post"}],"author":[{"embeddable":true,"href":"https:\/\/blogs.hoy.es\/senderosextremadura\/wp-json\/wp\/v2\/users\/27"}],"replies":[{"embeddable":true,"href":"https:\/\/blogs.hoy.es\/senderosextremadura\/wp-json\/wp\/v2\/comments?post=4248"}],"version-history":[{"count":1,"href":"https:\/\/blogs.hoy.es\/senderosextremadura\/wp-json\/wp\/v2\/posts\/4248\/revisions"}],"predecessor-version":[{"id":4250,"href":"https:\/\/blogs.hoy.es\/senderosextremadura\/wp-json\/wp\/v2\/posts\/4248\/revisions\/4250"}],"wp:attachment":[{"href":"https:\/\/blogs.hoy.es\/senderosextremadura\/wp-json\/wp\/v2\/media?parent=4248"}],"wp:term":[{"taxonomy":"category","embeddable":true,"href":"https:\/\/blogs.hoy.es\/senderosextremadura\/wp-json\/wp\/v2\/categories?post=4248"},{"taxonomy":"post_tag","embeddable":true,"href":"https:\/\/blogs.hoy.es\/senderosextremadura\/wp-json\/wp\/v2\/tags?post=4248"}],"curies":[{"name":"wp","href":"https:\/\/api.w.org\/{rel}","templated":true}]}}