{"id":4252,"date":"2018-03-01T15:31:31","date_gmt":"2018-03-01T15:31:31","guid":{"rendered":"http:\/\/blogs.hoy.es\/senderosextremadura\/?p=4252"},"modified":"2018-03-01T15:31:31","modified_gmt":"2018-03-01T15:31:31","slug":"abierto-el-plazo-para-participar-en-la-transfrontera-de-valencia-de-alcantara","status":"publish","type":"post","link":"https:\/\/blogs.hoy.es\/senderosextremadura\/2018\/03\/01\/abierto-el-plazo-para-participar-en-la-transfrontera-de-valencia-de-alcantara\/","title":{"rendered":"Abierto el plazo para participar en la &#8216;Transfrontera&#8217; de Valencia de Alc\u00e1ntara"},"content":{"rendered":"<p><img loading=\"lazy\" class=\"aligncenter size-full wp-image-4253\" src=\"https:\/\/static-blogs.hoy.es\/wp-content\/uploads\/sites\/22\/2018\/03\/Dolmen-Valencia-Alc\u00e1ntara.jpg\" alt=\"dolmen-valencia-alcantara\" width=\"449\" height=\"337\" srcset=\"https:\/\/static-blogs.hoy.es\/wp-content\/uploads\/sites\/22\/2018\/03\/Dolmen-Valencia-Alc\u00e1ntara.jpg 449w, https:\/\/static-blogs.hoy.es\/wp-content\/uploads\/sites\/22\/2018\/03\/Dolmen-Valencia-Alc\u00e1ntara-300x225.jpg 300w\" sizes=\"(max-width: 449px) 100vw, 449px\" \/><\/p>\n<p>El plazo de inscripci\u00f3n para participar en una nueva edici\u00f3n de la ruta de senderismo &#8216;Transfrontera&#8217;, que tendr\u00e1 lugar el domingo 1 de abril en la Campi\u00f1a de Valencia de Alc\u00e1ntara, se encuentra abierto hasta el pr\u00f3ximo 29 de marzo.<\/p>\n<p>La marcha, de 25 kil\u00f3metros de longitud y una duraci\u00f3n estimada de seis horas, celebrar\u00e1 este a\u00f1o su vig\u00e9sima edici\u00f3n, consolid\u00e1ndose como \u00abuna de las rutas de senderismo de Extremadura\u00bb, y las inscripciones pueden realizarse a trav\u00e9s de la plataforma tucrono.es, en el enlace <a href=\"http:\/\/tucrono.es\/inscripciones\/camina-fexme\/marcha-raya-hispano-lusa-transfrontera.html.\" rel=\"external nofollow\">http:\/\/tucrono.es\/inscripciones\/camina-fexme\/marcha-raya-hispano-lusa-transfrontera.html.<\/a><!--more--><\/p>\n<p>El precio para participar es de un euro para deportistas federados y tres euros para los participantes no federados. Adem\u00e1s, la inscripci\u00f3n da derecho al Seguro de Accidentes de la prueba as\u00ed como el Seguro de Responsabilidad Civil, desayuno con migas y avituallamiento en ruta.<\/p>\n<p>La ruta de senderismo &#8216;Transfrontera&#8217;, adem\u00e1s de dar a conocer los paisajes y caminos de los caser\u00edos fronterizos de la Campi\u00f1a de Valencia de Alc\u00e1ntara, tambi\u00e9n da la opci\u00f3n de explorar \u00abel rico patrimonio cultural de la zona, como los d\u00f3lmenes, la arquitectura tradicional y el resto de elementos patrimoniales\u00bb que se pueden visitar en dicha localidad.<\/p>\n<p>Esta actividad est\u00e1 incluida dentro del circuito &#8216;Camina Extremadura 2018&#8217;, y organizada por el Ayuntamiento de Valencia de Alc\u00e1ntara, en colaboraci\u00f3n con la Junta de Extremadura, la Federaci\u00f3n extreme\u00f1a de Monta\u00f1a y escalada, la Mancomunidad Sierra de San Pedro, la Diputaci\u00f3n Provincial de C\u00e1ceres, adem\u00e1s de entidades p\u00fablicas y privadas locales.<\/p>\n<p><strong>ITINERARIO<\/strong><\/p>\n<p>La ruta de senderismo &#8216;Transfrontera&#8217; saldr\u00e1 el 1 de abril sobre las 9,00 horas del albergue &#8216;Santa Mar\u00eda de Guadalupe&#8217;, situado a unos diez kil\u00f3metros de Valencia de Alc\u00e1ntara, para recorrer varios t\u00e9rminos de la raya y concluir de nuevo en el propio albergue.<\/p>\n<p>En nota de prensa, el Ayuntamiento de Valencia de Alc\u00e1ntara ha explicado que la primera referencia en el camino en plena raya con Portugal son las Casas de la Duda, a las que se accede cruzando la rivera del Jola, antes de llegar al Caser\u00edo de El Pino. La siguiente rese\u00f1a es el Cortijo de la Paja, l\u00edmite sur de la Campi\u00f1a de Valencia de Alc\u00e1ntara.<\/p>\n<p>A continuaci\u00f3n, la marcha transcurre por la pedan\u00eda de Jola, poblaci\u00f3n rodeada de \u00ablaboriosas\u00bb huertas en torno al arroyo que lleva su mismo nombre. El paraje del Jiniebro, situado a los pies del Puerto de Aguas Claras, es el enclave pr\u00f3ximo por el que pasar\u00e1 la ruta.<\/p>\n<p>Seguidamente, un kil\u00f3metro m\u00e1s adelante del Jiniebro se cruza la poblaci\u00f3n de La Ace\u00f1a de la Borrega y ascendiendo 2.000 metros m\u00e1s, a la derecha del camino, se deja El Dolmen de Los Mellizos, uno de los \u00abmejor conservados de la comarca\u00bb.<\/p>\n<p>Casi un kil\u00f3metro despu\u00e9s, a 300 metros de la ruta se\u00f1alizada, se pueden contemplar otros dos d\u00f3lmenes, el Data I y Data II, as\u00ed como en el kil\u00f3metro 23.5 se halla, de nuevo, El Pino, referencia ya conocida. Por \u00faltimo, tras un kil\u00f3metro y medio m\u00e1s de recorrido, se pone fin a la marcha en el citado albergue.<\/p>\n<p>Fuente: Europa Press<\/p>\n<!-- AddThis Advanced Settings generic via filter on the_content --><!-- AddThis Share Buttons generic via filter on the_content -->","protected":false},"excerpt":{"rendered":"<p>El plazo de inscripci\u00f3n para participar en una nueva edici\u00f3n de la ruta de senderismo &#8216;Transfrontera&#8217;, que tendr\u00e1 lugar el domingo 1 de abril en la Campi\u00f1a de Valencia de Alc\u00e1ntara, se encuentra abierto hasta el pr\u00f3ximo 29 de marzo. La marcha, de 25 kil\u00f3metros de longitud y una duraci\u00f3n estimada de seis horas, celebrar\u00e1 [&hellip;]<!-- AddThis Advanced Settings generic via filter on get_the_excerpt --><!-- AddThis Share Buttons generic via filter on get_the_excerpt --><\/p>\n","protected":false},"author":27,"featured_media":0,"comment_status":"open","ping_status":"closed","sticky":false,"template":"","format":"standard","meta":[],"categories":[4],"tags":[817,906,1055],"_links":{"self":[{"href":"https:\/\/blogs.hoy.es\/senderosextremadura\/wp-json\/wp\/v2\/posts\/4252"}],"collection":[{"href":"https:\/\/blogs.hoy.es\/senderosextremadura\/wp-json\/wp\/v2\/posts"}],"about":[{"href":"https:\/\/blogs.hoy.es\/senderosextremadura\/wp-json\/wp\/v2\/types\/post"}],"author":[{"embeddable":true,"href":"https:\/\/blogs.hoy.es\/senderosextremadura\/wp-json\/wp\/v2\/users\/27"}],"replies":[{"embeddable":true,"href":"https:\/\/blogs.hoy.es\/senderosextremadura\/wp-json\/wp\/v2\/comments?post=4252"}],"version-history":[{"count":1,"href":"https:\/\/blogs.hoy.es\/senderosextremadura\/wp-json\/wp\/v2\/posts\/4252\/revisions"}],"predecessor-version":[{"id":4254,"href":"https:\/\/blogs.hoy.es\/senderosextremadura\/wp-json\/wp\/v2\/posts\/4252\/revisions\/4254"}],"wp:attachment":[{"href":"https:\/\/blogs.hoy.es\/senderosextremadura\/wp-json\/wp\/v2\/media?parent=4252"}],"wp:term":[{"taxonomy":"category","embeddable":true,"href":"https:\/\/blogs.hoy.es\/senderosextremadura\/wp-json\/wp\/v2\/categories?post=4252"},{"taxonomy":"post_tag","embeddable":true,"href":"https:\/\/blogs.hoy.es\/senderosextremadura\/wp-json\/wp\/v2\/tags?post=4252"}],"curies":[{"name":"wp","href":"https:\/\/api.w.org\/{rel}","templated":true}]}}