{"id":4274,"date":"2018-03-13T10:07:29","date_gmt":"2018-03-13T10:07:29","guid":{"rendered":"http:\/\/blogs.hoy.es\/senderosextremadura\/?p=4274"},"modified":"2018-03-13T12:56:20","modified_gmt":"2018-03-13T12:56:20","slug":"guarena-recorrera-el-proximo-domingo-los-caminos-de-chamizo","status":"publish","type":"post","link":"https:\/\/blogs.hoy.es\/senderosextremadura\/2018\/03\/13\/guarena-recorrera-el-proximo-domingo-los-caminos-de-chamizo\/","title":{"rendered":"Guare\u00f1a recorrer\u00e1 el pr\u00f3ximo domingo los caminos de Chamizo"},"content":{"rendered":"<p><img loading=\"lazy\" class=\"aligncenter size-large wp-image-4275\" src=\"https:\/\/static-blogs.hoy.es\/wp-content\/uploads\/sites\/22\/2018\/03\/muchos-verdes-600x400.jpg\" alt=\"muchos-verdes\" width=\"600\" height=\"400\" srcset=\"https:\/\/static-blogs.hoy.es\/wp-content\/uploads\/sites\/22\/2018\/03\/muchos-verdes-600x400.jpg 600w, https:\/\/static-blogs.hoy.es\/wp-content\/uploads\/sites\/22\/2018\/03\/muchos-verdes-300x200.jpg 300w, https:\/\/static-blogs.hoy.es\/wp-content\/uploads\/sites\/22\/2018\/03\/muchos-verdes-768x512.jpg 768w, https:\/\/static-blogs.hoy.es\/wp-content\/uploads\/sites\/22\/2018\/03\/muchos-verdes.jpg 960w\" sizes=\"(max-width: 600px) 100vw, 600px\" \/><\/p>\n<p>La\u00a0asociaci\u00f3n senderista &#8216;Valdearenales&#8217;\u00a0prepara la que ser\u00e1 su s\u00e9ptima edici\u00f3n de la Marcha que lleva el nombre del colectivo verde de Guare\u00f1a. Su ruta por excelencia, la que llaman por el mismo nombre que se denomina el paraje sur del t\u00e9rmino municipal de Guare\u00f1a: &#8216;<span id=\"U5011992483732qD\">VII Marcha Senderista Valdearenales&#8217;<\/span>. Ser\u00e1 el\u00a0<span id=\"U5011992483734H\">domingo 18 de marzo<\/span>\u00a0con salida a las 9.30 horas desde el pantano San Roque.<\/p>\n<p>El colectivo ha cambiado de direcci\u00f3n. El presidente es ahora\u00a0<span id=\"U501199248373BdB\">Manuel Palomares Mu\u00f1oz<\/span>\u00a0que ha sustituido a\u00a0<span id=\"U5011992483731JC\">Bernardo Monago<\/span>. Palomares est\u00e1 arropado por su equipo directivo formado por:\u00a0<span id=\"U501199248373cKC\">Jos\u00e9 Curado<\/span>, vicepresidente;\u00a0<span id=\"U501199248373J5\">Andr\u00e9s Haba<\/span>, secretario;\u00a0<span id=\"U501199248373ikF\">Joaqu\u00edn Ledesma<\/span>, tesorero; y cuatro vocales\u00a0<span id=\"U501199248373tp\">(J<\/span><span id=\"U5011992483737XB\">uan Carlos Morcillo, Jos\u00e9 \u00c1ngel S\u00e1nchez, Petri Granado, y Mari Fe Ladero)<\/span>. El colectivo verde son 105 socios. Y para ser miembro de \u00e9l s\u00f3lo hace falta ingresar una cuota inicial de 15 euros y cada a\u00f1o sucesivo pagan 12 euros. Todos los domingos, llueva o no llueva, salen a caminar por distintas rutas prestablecidas, seg\u00fan su calendario programado que comenzaron a rodar el 7 de enero por\u00a0<span id=\"U501199248373tuG\">Los Cortijos<\/span>\u00a0y llevan hasta hoy nueve rutas, la del domingo ser\u00e1 en Almohar\u00edn, y al siguiente domingo preparan su Ruta grande, la de Valdearenales en Guare\u00f1a.<\/p>\n<p>Una ruta que puede participar todo el mundo. Todos los que deseen hacerse\u00a0<span id=\"U501199248373mXG\">19 kil\u00f3metros o bien 12 kil\u00f3metros con una alternativa<\/span>\u00a0en el caso de no querer andar mucho m\u00e1s. Lo tienen todo atado para que su ruta sea lo m\u00e1s atractiva para el forastero. Es una marcha por caminos muy relacionados con el poeta\u00a0<span id=\"U501199248373kIB\">Luis Chamizo<\/span>, ya que recorrer\u00e1n espacios, veredas, sitios\u2026 por donde anduvo el cantor del cast\u00fao. S\u00f3lo falta inscribirse antes del 15 de marzo, inclusive, porque tienen un m\u00e1ximo de 500 plazas. La inscripci\u00f3n tiene un precio m\u00f3dico de 3 euros con derecho a: un cafelito ma\u00f1anero con dulces antes de partir, avituallamiento de fruta y agua, l\u00edquido, comida al final de la ruta, mucha animaci\u00f3n, sorteos, y seguro obligatorio. Tambi\u00e9n tendr\u00e1n una barra a beneficio de las personas con discapacidad de Guare\u00f1a (Adiscagua). Contar\u00e1n adem\u00e1s con el apoyo de la polic\u00eda local, la guarder\u00eda rural, y el voluntariado de protecci\u00f3n civil.<\/p>\n<p><strong>Inscripciones<\/strong><br \/>\nToda persona interesada en participar en esta\u00a0<span id=\"U501199248373lfF\">VII Marcha Senderista Valdearenales<\/span>\u00a0podr\u00e1 inscribirse en: asocvaldearenales@gmail.com, al whatsapp de los tel\u00e9fonos 636343033\/650160509\/638572475; o en el Centro Cultural de Guare\u00f1a aportando el nombre, fecha de nacimiento y DNI.<\/p>\n<p id=\"U501199248373hnD\"><strong>Itinerario de la Marcha<\/strong><\/p>\n<p>La concentraci\u00f3n para recogida de credenciales ser\u00e1 en el pantano San Roque a las 8.30 horas, con el corte de la cinta para dar la salida a las 9.30 horas y salir por el camino del Arroyo Arriba, el Bonete, camino Lomo hacia el t\u00e9rmino de Cristina, tejares, y subida a la Sierrecilla de Cristina por la solana con miras a la sierra de Vista Alegre y Oliva de M\u00e9rida, Ca\u00f1ada Real Leonesa, avituallamiento a la altura del camino del Arroyo Arriba (ruta alternativa 12 kil\u00f3metros en direcci\u00f3n al pantano San Roque), o continuar por el camino del arroyo Arriba en direcci\u00f3n a &#8216;la Moneda&#8217;, camino de la Puebla, Rosa-la-china, dehesa de Francisco Herrera, camino del arroyo Arriba, y llegada al pantano de San Roque. Habr\u00e1n recorrido parajes de olivares, encinas, jaras, retamas\u2026 mucha diversidad flora y fauna que cantara Chamizo en sus versos cast\u00faos. Una dificultad media-baja, seg\u00fan los organizadores, quienes recomiendan calzado c\u00f3modo para caminar, no correr, &#8220;que no es competitiva&#8221;, recuerdan.<\/p>\n<p>Y un descanso merecido con m\u00fasica, comida, y hermanamiento de caminantes. Buen camino a todos ser\u00e1 el mensaje que lance\u00a0<span id=\"U501199248373U2H\">Manuel Palomares<\/span>\u00a0en su estreno de la ruta grande de los verdes de Valdearenales.<\/p>\n<p>Autor: Pedro Fern\u00e1ndez, <a href=\"http:\/\/guarena.hoy.es\/\" rel=\"external nofollow\">HOYGuare\u00f1a.<\/a><\/p>\n<!-- AddThis Advanced Settings generic via filter on the_content --><!-- AddThis Share Buttons generic via filter on the_content -->","protected":false},"excerpt":{"rendered":"<p>La\u00a0asociaci\u00f3n senderista &#8216;Valdearenales&#8217;\u00a0prepara la que ser\u00e1 su s\u00e9ptima edici\u00f3n de la Marcha que lleva el nombre del colectivo verde de Guare\u00f1a. Su ruta por excelencia, la que llaman por el mismo nombre que se denomina el paraje sur del t\u00e9rmino municipal de Guare\u00f1a: &#8216;VII Marcha Senderista Valdearenales&#8217;. Ser\u00e1 el\u00a0domingo 18 de marzo\u00a0con salida a las [&hellip;]<!-- AddThis Advanced Settings generic via filter on get_the_excerpt --><!-- AddThis Share Buttons generic via filter on get_the_excerpt --><\/p>\n","protected":false},"author":27,"featured_media":0,"comment_status":"open","ping_status":"closed","sticky":false,"template":"","format":"standard","meta":[],"categories":[1],"tags":[],"_links":{"self":[{"href":"https:\/\/blogs.hoy.es\/senderosextremadura\/wp-json\/wp\/v2\/posts\/4274"}],"collection":[{"href":"https:\/\/blogs.hoy.es\/senderosextremadura\/wp-json\/wp\/v2\/posts"}],"about":[{"href":"https:\/\/blogs.hoy.es\/senderosextremadura\/wp-json\/wp\/v2\/types\/post"}],"author":[{"embeddable":true,"href":"https:\/\/blogs.hoy.es\/senderosextremadura\/wp-json\/wp\/v2\/users\/27"}],"replies":[{"embeddable":true,"href":"https:\/\/blogs.hoy.es\/senderosextremadura\/wp-json\/wp\/v2\/comments?post=4274"}],"version-history":[{"count":4,"href":"https:\/\/blogs.hoy.es\/senderosextremadura\/wp-json\/wp\/v2\/posts\/4274\/revisions"}],"predecessor-version":[{"id":4281,"href":"https:\/\/blogs.hoy.es\/senderosextremadura\/wp-json\/wp\/v2\/posts\/4274\/revisions\/4281"}],"wp:attachment":[{"href":"https:\/\/blogs.hoy.es\/senderosextremadura\/wp-json\/wp\/v2\/media?parent=4274"}],"wp:term":[{"taxonomy":"category","embeddable":true,"href":"https:\/\/blogs.hoy.es\/senderosextremadura\/wp-json\/wp\/v2\/categories?post=4274"},{"taxonomy":"post_tag","embeddable":true,"href":"https:\/\/blogs.hoy.es\/senderosextremadura\/wp-json\/wp\/v2\/tags?post=4274"}],"curies":[{"name":"wp","href":"https:\/\/api.w.org\/{rel}","templated":true}]}}