{"id":428,"date":"2012-04-23T07:14:10","date_gmt":"2012-04-23T07:14:10","guid":{"rendered":"http:\/\/blogs.hoy.es\/senderosextremadura\/?p=428"},"modified":"2012-04-23T07:14:10","modified_gmt":"2012-04-23T07:14:10","slug":"promocion-del-senderismo-en-campo-aranuelo","status":"publish","type":"post","link":"https:\/\/blogs.hoy.es\/senderosextremadura\/2012\/04\/23\/promocion-del-senderismo-en-campo-aranuelo\/","title":{"rendered":"Promoci\u00f3n del senderismo en Campo Ara\u00f1uelo"},"content":{"rendered":"<h2><a href=\"https:\/\/blogs.hoy.es\/senderosextremadura\/2012\/04\/23\/promocion-del-senderismo-en-campo-aranuelo\/mesta\/\" rel=\"attachment wp-att-430\"><img loading=\"lazy\" class=\"aligncenter size-full wp-image-430\" title=\"mesta\" src=\"\/senderosextremadura\/wp-content\/uploads\/sites\/22\/2012\/04\/mesta.jpg\" alt=\"\" width=\"684\" height=\"477\" srcset=\"https:\/\/static-blogs.hoy.es\/wp-content\/uploads\/sites\/22\/2012\/04\/mesta.jpg 1280w, https:\/\/static-blogs.hoy.es\/wp-content\/uploads\/sites\/22\/2012\/04\/mesta-300x210.jpg 300w, https:\/\/static-blogs.hoy.es\/wp-content\/uploads\/sites\/22\/2012\/04\/mesta-768x536.jpg 768w, https:\/\/static-blogs.hoy.es\/wp-content\/uploads\/sites\/22\/2012\/04\/mesta-600x419.jpg 600w\" sizes=\"(max-width: 684px) 100vw, 684px\" \/><\/a><\/h2>\n<h2>MAM | El proyecto <strong>Sendas en Campo Ara\u00f1uelo<\/strong> vuelve a ponerse en marcha, y con \u00e9l la promoci\u00f3n del senderismo que hace cerca de dos a\u00f1os inici\u00f3 la Agencia de Protecci\u00f3n del Medio Ambiente Mancomunidad Integral de Municipios Campo Ara\u00f1uelo, con la se\u00f1alizaci\u00f3n, puesta en valor y organizaci\u00f3n de rutas en 19 senderos que recorren la comarca, uniendo a sus municipios entre s\u00ed.<\/h2>\n<h2>Tantas rutas senderistas como senderos hay en el proyecto se celebrar\u00e1n hasta finales de a\u00f1o. La primera, Pe\u00f1aflor en Berrocalejo, se celebr\u00f3 ayer, con seis kil\u00f3metros de longitud, mientras que hoy tiene lugar la Senda La Puebla, en El Gordo, con dos kil\u00f3metros m\u00e1s de recorrido. El pr\u00f3ximo fin de semana ser\u00e1 el turno de las sendas La Muralla y Los Frailes, en Valdeh\u00fancar y Belv\u00eds de Monroy respectivamente, mientras que a lo largo de mayo se completar\u00e1n los itinerarios de Orqu\u00eddea, El Pibor y Ruta Rosa, de Almaraz, Bohonal de Ibor y Toril. Y as\u00ed hasta final de a\u00f1o, con distancias que oscilan entre los dos kil\u00f3metros de la m\u00e1s corta (Senda Los Huertos, en t\u00e9rmino municipal de Serrej\u00f3n) a los 17,4 de la mayor (Las Mesas, en Casatejada).<\/h2>\n<h2>Desde la mancomunidad pretenden que estos senderos \u00absean una justificaci\u00f3n para hacer ejercicio y que adem\u00e1s sean un nexo de uni\u00f3n en la comarca del Campo Ara\u00f1uelo. Est\u00e1n hechos y pensados para todos, con distancias m\u00e1s cortas y m\u00e1s largas, unas de mayor y otras de menor dificultad\u00bb, insistiendo en que atesoran \u00absecretos que solo podremos descubrir si las caminamos, si nos adentramos en toda su magnitud\u00bb.<\/h2>\n<h2><strong>Pasado hist\u00f3rico y atalayas naturales<br \/>\n<\/strong><\/h2>\n<h2>En este cat\u00e1logo figuran desde senderos que hacen referencia al hist\u00f3rico pasado de algunas poblaciones (como &#8216;Los Frailes&#8217;, en Belv\u00eds), a las labores agr\u00edcolas (&#8216;El Tabaco&#8217;, en Rosalejo), la variedad ornitol\u00f3gica de la comarca (&#8216;Dehesa Nueva&#8217;, en Saucedilla), atalayas naturales (&#8216;Pe\u00f1aflor&#8217;, en Berrocalejo y &#8216;El Pico&#8217; en Casas de Miravete) e incluso al pasado industrial, como &#8216;Mina la Norte\u00f1a&#8217;, en Higuera de Albalat, que llega hasta una explotaci\u00f3n minera abandonada. En todas destaca la puesta en valor del patrimonio natural de la zona, con su variedad de flora, fauna y particular orograf\u00eda.<\/h2>\n<h2>Los interesados pueden recibir m\u00e1s informaci\u00f3n en las dependencias de la mancomunidad o en su web, <strong><a href=\"http:\/\/www.campoaranuelo.org\/\" target=\"_blank\" rel=\"external nofollow\">www.campoaranuelo.org<\/a><\/strong><\/h2>\n<p>&nbsp;<\/p>\n<p>&nbsp;<\/p>\n<p>&nbsp;<\/p>\n<!-- AddThis Advanced Settings generic via filter on the_content --><!-- AddThis Share Buttons generic via filter on the_content -->","protected":false},"excerpt":{"rendered":"<p>MAM | El proyecto Sendas en Campo Ara\u00f1uelo vuelve a ponerse en marcha, y con \u00e9l la promoci\u00f3n del senderismo que hace cerca de dos a\u00f1os inici\u00f3 la Agencia de Protecci\u00f3n del Medio Ambiente Mancomunidad Integral de Municipios Campo Ara\u00f1uelo, con la se\u00f1alizaci\u00f3n, puesta en valor y organizaci\u00f3n de rutas en 19 senderos que recorren [&hellip;]<!-- AddThis Advanced Settings generic via filter on get_the_excerpt --><!-- AddThis Share Buttons generic via filter on get_the_excerpt --><\/p>\n","protected":false},"author":27,"featured_media":0,"comment_status":"open","ping_status":"closed","sticky":false,"template":"","format":"standard","meta":[],"categories":[3],"tags":[57,144,557],"_links":{"self":[{"href":"https:\/\/blogs.hoy.es\/senderosextremadura\/wp-json\/wp\/v2\/posts\/428"}],"collection":[{"href":"https:\/\/blogs.hoy.es\/senderosextremadura\/wp-json\/wp\/v2\/posts"}],"about":[{"href":"https:\/\/blogs.hoy.es\/senderosextremadura\/wp-json\/wp\/v2\/types\/post"}],"author":[{"embeddable":true,"href":"https:\/\/blogs.hoy.es\/senderosextremadura\/wp-json\/wp\/v2\/users\/27"}],"replies":[{"embeddable":true,"href":"https:\/\/blogs.hoy.es\/senderosextremadura\/wp-json\/wp\/v2\/comments?post=428"}],"version-history":[{"count":0,"href":"https:\/\/blogs.hoy.es\/senderosextremadura\/wp-json\/wp\/v2\/posts\/428\/revisions"}],"wp:attachment":[{"href":"https:\/\/blogs.hoy.es\/senderosextremadura\/wp-json\/wp\/v2\/media?parent=428"}],"wp:term":[{"taxonomy":"category","embeddable":true,"href":"https:\/\/blogs.hoy.es\/senderosextremadura\/wp-json\/wp\/v2\/categories?post=428"},{"taxonomy":"post_tag","embeddable":true,"href":"https:\/\/blogs.hoy.es\/senderosextremadura\/wp-json\/wp\/v2\/tags?post=428"}],"curies":[{"name":"wp","href":"https:\/\/api.w.org\/{rel}","templated":true}]}}