{"id":43,"date":"2012-02-25T19:31:51","date_gmt":"2012-02-25T19:31:51","guid":{"rendered":"http:\/\/blogs.hoy.es\/senderosextremadura\/?p=43"},"modified":"2012-02-25T19:31:51","modified_gmt":"2012-02-25T19:31:51","slug":"la-zarza-celebra-su-ruta-penas-blancas-4-de-marzo","status":"publish","type":"post","link":"https:\/\/blogs.hoy.es\/senderosextremadura\/2012\/02\/25\/la-zarza-celebra-su-ruta-penas-blancas-4-de-marzo\/","title":{"rendered":"La Zarza celebra su ruta &#039;Pe\u00f1as Blancas&#039; (4 de marzo)"},"content":{"rendered":"<h2><a href=\"\/senderosextremadura\/wp-content\/uploads\/sites\/22\/2012\/02\/penas-blancas1.jpg\" data-mce-href=\"\/senderosextremadura\/wp-content\/uploads\/sites\/22\/2012\/02\/penas-blancas1.jpg\"><br \/> <\/a><a href=\"http:\/\/www.hoy.es\/multimedia\/fotos\/ultimos\/93805-ruta-senderista-penas-blancas-zarza-0.html\" data-mce-href=\"http:\/\/www.hoy.es\/multimedia\/fotos\/ultimos\/93805-ruta-senderista-penas-blancas-zarza-0.html\" rel=\"external nofollow\"><img loading=\"lazy\" class=\"size-full wp-image-46 alignright\" title=\"penas-blancas\" src=\"\/senderosextremadura\/wp-content\/uploads\/sites\/22\/2012\/02\/penas-blancas2.jpg\" alt=\"\" data-mce-src=\"\/senderosextremadura\/wp-content\/uploads\/sites\/22\/2012\/02\/penas-blancas2.jpg\" width=\"493\" height=\"272\"><\/a>La ruta &#8216;<strong>Pe\u00f1as blancas<\/strong>&#8216; <a href=\"http:\/\/www.hoy.es\/multimedia\/fotos\/ultimos\/93805-ruta-senderista-penas-blancas-zarza-0.html\" data-mce-href=\"http:\/\/www.hoy.es\/multimedia\/fotos\/ultimos\/93805-ruta-senderista-penas-blancas-zarza-0.html\" rel=\"external nofollow\"><strong>(FOTOS)<\/strong><\/a> es la marcha senderista por excelencia de <strong>La Zarza<\/strong> (Badajoz). Se celebrar\u00e1&nbsp; este pr\u00f3ximo domingo 4 de marzo. Desde las 9 de la ma\u00f1ana se recorrer\u00e1n&nbsp; <strong>18 kil\u00f3metros<\/strong> en un trazado de dificultad media. La caminata terminar\u00e1 con una gran paellada popular.<\/h2>\n<h2>Esta ruta toma el nombre del top\u00f3nimo de la sierra. Ha diso&nbsp; dise\u00f1ada para dar a conocer lo mejor de su patrimonio natural (flora, fauna y paisaje), etnogr\u00e1fico (minas, elementos agropecuarios) e hist\u00f3rico-cultural (pinturas rupestres, ermita, iglesia).<\/h2>\n<h2>La ruta (PR-BA 47) est\u00e1 balizada y se\u00f1alizada gracias al esfuerzo del <a href=\"http:\/\/www.sendezarza.com\/\" data-mce-href=\"http:\/\/www.sendezarza.com\/\" rel=\"external nofollow\"><strong>Club de Senderismo Pe\u00f1as Blancas<\/strong><\/a> y el <strong>Ayuntamiento de La Zarza<\/strong>; en este sentido ha obtenido la homologaci\u00f3n por la Federaci\u00f3n Extreme\u00f1a de Monta\u00f1a y Escalada (FEXME).<\/h2>\n<div class=\"mceTemp\">\n<dl id=\"attachment_50\" class=\"wp-caption alignleft\" style=\"width: 468px;\" data-mce-style=\"width: 468px;\">\n<dt class=\"wp-caption-dt\"><a href=\"http:\/\/www.hoy.es\/multimedia\/fotos\/ultimos\/93805-ruta-senderista-penas-blancas-zarza-0.html\" data-mce-href=\"http:\/\/www.hoy.es\/multimedia\/fotos\/ultimos\/93805-ruta-senderista-penas-blancas-zarza-0.html\" rel=\"external nofollow\"><img loading=\"lazy\" class=\"size-full wp-image-50 \" title=\"pinturas\" src=\"\/senderosextremadura\/wp-content\/uploads\/sites\/22\/2012\/02\/pinturas.jpg\" alt=\"\" data-mce-src=\"\/senderosextremadura\/wp-content\/uploads\/sites\/22\/2012\/02\/pinturas.jpg\" width=\"458\" height=\"304\"><\/a><br data-mce-bogus=\"1\"><\/dt>\n<dd class=\"wp-caption-dd\">Pinturas rupestres de La Calderita<\/dd>\n<\/dl>\n<\/div>\n<h2>Desde el punto de vista ambiental, la ruta atraviesa la ZEPA del <strong>embalse de Alange<\/strong> y la sierra de Pe\u00f1as Blancas, lugar de gran valor paisaj\u00edstico (sierra-isla en medio de llanuras agro-ganaderas), flor\u00edstico (h\u00e1bitats, peque\u00f1os endemismos bot\u00e1nicos y orqu\u00eddeas) y faun\u00edstico (rapaces y aves rup\u00edcolas). La sierra de Juan Bueno y el Pinar de los Valencines son tambi\u00e9n lugares destacados.<\/h2>\n<h2>Elemento imprescindible de inter\u00e9s etnogr\u00e1fico y cultural es la <strong>Mina de Tierrablanca de La Zapatera<\/strong> o \u201cjanbueno\u201d, enorme yacimiento a cielo abierto de caol\u00edn o pizarra seric\u00edtica, de especial trascendencia en cuanto a la identidad e idiosincrasia de los zarce\u00f1os (\u201clos tierrablanqueros\u201d). Merece la pena destacar asimismo los olivares de ladera sitos en la falda de sierras y cerros, orlados de muros de piedra (\u201cmajanos\u201d) y salpicados por miles de almendros. En la parte alta de la Sierra pueden observarse restos de algunos chozos y majadas de pastores (cabreros).<\/h2>\n<h2>El patrimonio hist\u00f3rico-arqueol\u00f3gico incluye los abrigos y pinturas rupestres de <strong>La Calderita<\/strong>, una de las manifestaciones m\u00e1s destacadas del arte rupestre esquem\u00e1tico. Como realizaciones hist\u00f3rico-art\u00edsticas destacadas del trazado urbano se encuentran la <strong>ermita de Nuestra Se\u00f1ora de las Nieves<\/strong> (s. XVIII), donde destacan la imagen \u201ccoronada\u201d de nuestra patrona y su magn\u00edfico carro de plata, la Iglesia Parroquial de San Mart\u00edn de Tours (s. XVI), la estatua en homenaje a los arrieros zarce\u00f1os, as\u00ed como algunas grandes casas solariegas y blasonadas.<\/h2>\n<h2>En definitiva, toda esta serie de elementos y valores conforman un recorrido de gran atractivo e inter\u00e9s desde todo punto de vista. Disfr\u00fatenla.<\/h2>\n<h2>Se espera una gran participaci\u00f3n de senderistas procedentes de distintos puntos de la geograf\u00eda extreme\u00f1a e, incluso, de fuera de nuestra comunidad.<\/h2>\n<h2 data-mce-bogus=\"1\">La organizaci\u00f3n dispondr\u00e1 de varios puntos de control y avituallamiento, finalizando la prueba con una <strong>paella popular<\/strong> para todos los participantes y la entrega de un regalo conmemorativo. Despu\u00e9s de la comida habr\u00e1 <strong>m\u00fasica y baile a cargo de un DJ<\/strong> que pondr\u00e1 el broche a una jornada que se espera sea una fiesta para el senderismo en general y para La Zarza en particular.<\/h2>\n<p>&nbsp;<\/p>\n<h2>La <strong>inscripci\u00f3n es gratuita<\/strong>, pudi\u00e9ndose realizar a trav\u00e9s de la web <a href=\"http:\/\/www.sendezarza.com\/\" data-mce-href=\"http:\/\/www.sendezarza.com\/\" rel=\"external nofollow\">www.sendezarza.com<\/a> o en <a href=\"mailto:senderismo@lazarza.es\" data-mce-href=\"mailto:senderismo@lazarza.es\">senderismo@lazarza.es<\/a>.<\/h2>\n<h2>Las personas interesadas pueden encontrar toda la informaci\u00f3n en<a href=\"http:\/\/www.sendezarza.com\/\" data-mce-href=\"http:\/\/www.sendezarza.com\/\" rel=\"external nofollow\"> ww.sendezarza.com<\/a> o en el tel\u00e9fono 655847990, donde le atender\u00e1 Pedro Espinosa es el presidente del club.<\/h2>\n<h2>Colaboran la <a href=\"http:\/\/www.fexme.com\/portal\/\" data-mce-href=\"http:\/\/www.fexme.com\/portal\/\" rel=\"external nofollow\"><strong>Federaci\u00f3n Extreme\u00f1a de Monta\u00f1a y Alpinismo (FEXME)<\/strong><\/a> y el <a href=\"http:\/\/www.lazarza.es\/\" data-mce-href=\"http:\/\/www.lazarza.es\/\" rel=\"external nofollow\">Ayuntamiento de La Zarza<\/a>.<\/h2>\n<!-- AddThis Advanced Settings generic via filter on the_content --><!-- AddThis Share Buttons generic via filter on the_content -->","protected":false},"excerpt":{"rendered":"<p>La ruta &#8216;Pe\u00f1as blancas&#8216; (FOTOS) es la marcha senderista por excelencia de La Zarza (Badajoz). Se celebrar\u00e1&nbsp; este pr\u00f3ximo domingo 4 de marzo. Desde las 9 de la ma\u00f1ana se recorrer\u00e1n&nbsp; 18 kil\u00f3metros en un trazado de dificultad media. La caminata terminar\u00e1 con una gran paellada popular. Esta ruta toma el nombre del top\u00f3nimo de [&hellip;]<!-- AddThis Advanced Settings generic via filter on get_the_excerpt --><!-- AddThis Share Buttons generic via filter on get_the_excerpt --><\/p>\n","protected":false},"author":3,"featured_media":0,"comment_status":"open","ping_status":"closed","sticky":false,"template":"","format":"standard","meta":[],"categories":[4],"tags":[83,103,133,289,301,310,321,600,619,713,906,1118],"_links":{"self":[{"href":"https:\/\/blogs.hoy.es\/senderosextremadura\/wp-json\/wp\/v2\/posts\/43"}],"collection":[{"href":"https:\/\/blogs.hoy.es\/senderosextremadura\/wp-json\/wp\/v2\/posts"}],"about":[{"href":"https:\/\/blogs.hoy.es\/senderosextremadura\/wp-json\/wp\/v2\/types\/post"}],"author":[{"embeddable":true,"href":"https:\/\/blogs.hoy.es\/senderosextremadura\/wp-json\/wp\/v2\/users\/3"}],"replies":[{"embeddable":true,"href":"https:\/\/blogs.hoy.es\/senderosextremadura\/wp-json\/wp\/v2\/comments?post=43"}],"version-history":[{"count":0,"href":"https:\/\/blogs.hoy.es\/senderosextremadura\/wp-json\/wp\/v2\/posts\/43\/revisions"}],"wp:attachment":[{"href":"https:\/\/blogs.hoy.es\/senderosextremadura\/wp-json\/wp\/v2\/media?parent=43"}],"wp:term":[{"taxonomy":"category","embeddable":true,"href":"https:\/\/blogs.hoy.es\/senderosextremadura\/wp-json\/wp\/v2\/categories?post=43"},{"taxonomy":"post_tag","embeddable":true,"href":"https:\/\/blogs.hoy.es\/senderosextremadura\/wp-json\/wp\/v2\/tags?post=43"}],"curies":[{"name":"wp","href":"https:\/\/api.w.org\/{rel}","templated":true}]}}