{"id":4300,"date":"2018-04-02T11:30:48","date_gmt":"2018-04-02T11:30:48","guid":{"rendered":"http:\/\/blogs.hoy.es\/senderosextremadura\/?p=4300"},"modified":"2018-04-02T11:30:48","modified_gmt":"2018-04-02T11:30:48","slug":"villanueva-del-fresno-organiza-una-ruta-por-el-horno-de-cal-y-la-mina-de-granito-abandonados","status":"publish","type":"post","link":"https:\/\/blogs.hoy.es\/senderosextremadura\/2018\/04\/02\/villanueva-del-fresno-organiza-una-ruta-por-el-horno-de-cal-y-la-mina-de-granito-abandonados\/","title":{"rendered":"Villanueva del Fresno organiza una ruta por el horno de cal y la mina de granito abandonados"},"content":{"rendered":"<p><img loading=\"lazy\" class=\"aligncenter size-large wp-image-4301\" src=\"https:\/\/static-blogs.hoy.es\/wp-content\/uploads\/sites\/22\/2018\/04\/mina-600x456.jpg\" alt=\"mina\" width=\"600\" height=\"456\" srcset=\"https:\/\/static-blogs.hoy.es\/wp-content\/uploads\/sites\/22\/2018\/04\/mina-600x456.jpg 600w, https:\/\/static-blogs.hoy.es\/wp-content\/uploads\/sites\/22\/2018\/04\/mina-300x228.jpg 300w, https:\/\/static-blogs.hoy.es\/wp-content\/uploads\/sites\/22\/2018\/04\/mina.jpg 624w\" sizes=\"(max-width: 600px) 100vw, 600px\" \/><\/p>\n<p>El III Trail Rayano Solidario de Villanueva del Fresno llevar\u00e1 a los senderistas al horno de cal y la mina de granito abandonados. Un interesante recorrido que se realizar\u00e1 por primera vez tambi\u00e9n como ruta senderista dentro del desarrollo del trail de car\u00e1cter hispano-luso que se celebrar\u00e1 el pr\u00f3ximo 8 de abril.<\/p>\n<p>El III Trail Rayano de naturaleza y con car\u00e1cter solidario volver\u00e1 a realizarse en este pr\u00f3ximo mes de abril. Como en las primeras ediciones, este evento deportivo contar\u00e1 con una ruta senderista, que se desarrollar\u00e1 al tiempo que las diferentes carreras del trail de 15 y 25 kil\u00f3metros.<\/p>\n<p>La ruta discurrir\u00e1 por un paraje de gran belleza, esta calificada con un nivel de dificultad baja y recorrer\u00e1 unos 8 kil\u00f3metros. Las inscripciones se pueden realizar en www.infinitychip.es y en el tel\u00e9fono 677 025 248 hasta el jueves, 5 de abril. El coste de la inscripci\u00f3n ser\u00e1 de 5 euros. La salida se realizar\u00e1 a las 10.00 horas desde la plaza de Espa\u00f1a y cubrir\u00e1 un trayecto muy peculiar que acabar\u00e1 en las abandonadas minas de granito y en el horno de cal, dos sitios muy interesantes de visitar perteneciente a la historia reciente de la localidad.<\/p>\n<p>Informa: Almudena Parra.<\/p>\n<!-- AddThis Advanced Settings generic via filter on the_content --><!-- AddThis Share Buttons generic via filter on the_content -->","protected":false},"excerpt":{"rendered":"<p>El III Trail Rayano Solidario de Villanueva del Fresno llevar\u00e1 a los senderistas al horno de cal y la mina de granito abandonados. Un interesante recorrido que se realizar\u00e1 por primera vez tambi\u00e9n como ruta senderista dentro del desarrollo del trail de car\u00e1cter hispano-luso que se celebrar\u00e1 el pr\u00f3ximo 8 de abril. El III Trail [&hellip;]<!-- AddThis Advanced Settings generic via filter on get_the_excerpt --><!-- AddThis Share Buttons generic via filter on get_the_excerpt --><\/p>\n","protected":false},"author":27,"featured_media":0,"comment_status":"open","ping_status":"closed","sticky":false,"template":"","format":"standard","meta":[],"categories":[4],"tags":[1088],"_links":{"self":[{"href":"https:\/\/blogs.hoy.es\/senderosextremadura\/wp-json\/wp\/v2\/posts\/4300"}],"collection":[{"href":"https:\/\/blogs.hoy.es\/senderosextremadura\/wp-json\/wp\/v2\/posts"}],"about":[{"href":"https:\/\/blogs.hoy.es\/senderosextremadura\/wp-json\/wp\/v2\/types\/post"}],"author":[{"embeddable":true,"href":"https:\/\/blogs.hoy.es\/senderosextremadura\/wp-json\/wp\/v2\/users\/27"}],"replies":[{"embeddable":true,"href":"https:\/\/blogs.hoy.es\/senderosextremadura\/wp-json\/wp\/v2\/comments?post=4300"}],"version-history":[{"count":1,"href":"https:\/\/blogs.hoy.es\/senderosextremadura\/wp-json\/wp\/v2\/posts\/4300\/revisions"}],"predecessor-version":[{"id":4302,"href":"https:\/\/blogs.hoy.es\/senderosextremadura\/wp-json\/wp\/v2\/posts\/4300\/revisions\/4302"}],"wp:attachment":[{"href":"https:\/\/blogs.hoy.es\/senderosextremadura\/wp-json\/wp\/v2\/media?parent=4300"}],"wp:term":[{"taxonomy":"category","embeddable":true,"href":"https:\/\/blogs.hoy.es\/senderosextremadura\/wp-json\/wp\/v2\/categories?post=4300"},{"taxonomy":"post_tag","embeddable":true,"href":"https:\/\/blogs.hoy.es\/senderosextremadura\/wp-json\/wp\/v2\/tags?post=4300"}],"curies":[{"name":"wp","href":"https:\/\/api.w.org\/{rel}","templated":true}]}}