{"id":4306,"date":"2018-04-23T17:42:13","date_gmt":"2018-04-23T17:42:13","guid":{"rendered":"http:\/\/blogs.hoy.es\/senderosextremadura\/?p=4306"},"modified":"2018-04-25T14:05:14","modified_gmt":"2018-04-25T14:05:14","slug":"xxviii-ruta-del-rey-jayon-29-de-abril","status":"publish","type":"post","link":"https:\/\/blogs.hoy.es\/senderosextremadura\/2018\/04\/23\/xxviii-ruta-del-rey-jayon-29-de-abril\/","title":{"rendered":"XVIII Ruta del Rey Jay\u00f3n (29 de abril)"},"content":{"rendered":"<p>Este domingo 29 de abril se celebra la <strong>XVIII Ruta del Rey Jay\u00f3n<\/strong>. La emblem\u00e1tica traves\u00eda senderista por la <strong>Campi\u00f1a Sur<\/strong> recorre una distancia de <strong>24 kil\u00f3metros<\/strong> y es una combinaci\u00f3n perfecta de naturaleza y patrimonio. Integran esta ruta el Monumento Natural de la Mina de la Jayona, en Fuente del Arco; el castillo y la alcazaba \u00e1rabe de Reina; la ciudad romana de Regina, en Casas de Reina y la ciudad monumental de Llerena.<\/p>\n<p>El plazo de inscripci\u00f3n est\u00e1 abierto desde el lunes 2 de abril y <strong>finalizar\u00e1 el 26 de abril<\/strong> y para poder participar es necesario estar inscrito; la formalizaci\u00f3n de inscripciones se realizar\u00e1 en la Oficina Municipal de Turismo de Llerena, bien personalmente, o bien a trav\u00e9s del email: oficinaturismo@llerena.org, facilitando el nombre, apellidos, direcci\u00f3n y localidad de procedencia del participante.<\/p>\n<p>La ruta se inicia en la Plaza Mayor de Llerena con la recogida de acreditaciones por parte de todos los participantes inscritos, las cuales podr\u00e1n recogerse de 7:15 a 8:45, y ya, desde este momento, se comi<img loading=\"lazy\" class=\"aligncenter size-large wp-image-4307\" src=\"https:\/\/static-blogs.hoy.es\/wp-content\/uploads\/sites\/22\/2018\/04\/ruta-rey-jayon-600x888.jpg\" alt=\"ruta-rey-jayon\" width=\"600\" height=\"888\" srcset=\"https:\/\/static-blogs.hoy.es\/wp-content\/uploads\/sites\/22\/2018\/04\/ruta-rey-jayon-600x888.jpg 600w, https:\/\/static-blogs.hoy.es\/wp-content\/uploads\/sites\/22\/2018\/04\/ruta-rey-jayon-203x300.jpg 203w, https:\/\/static-blogs.hoy.es\/wp-content\/uploads\/sites\/22\/2018\/04\/ruta-rey-jayon.jpg 649w\" sizes=\"(max-width: 600px) 100vw, 600px\" \/>enza a disfrutar de su riqueza patrimonial, pudiendo admirar el conjunto arquitect\u00f3nico que conforma esta plaza de estilo mud\u00e9jar, con la majestuosa Iglesia de Ntra. Sra. de la Granada como elemento destacado.<br \/>\nEst\u00e1 organizada por la Asociaci\u00f3n de Senderismo Tomillo y Or\u00e9gano de Llerena en colaboraci\u00f3n con los ayuntamientos de Llerena, Casas de Reina, Reina, Trasierra y Fuente del Arco, t\u00e9rminos municipales por los que discurre esta ruta.<\/p>\n<p>&nbsp;<\/p>\n<!-- AddThis Advanced Settings generic via filter on the_content --><!-- AddThis Share Buttons generic via filter on the_content -->","protected":false},"excerpt":{"rendered":"<p>Este domingo 29 de abril se celebra la XVIII Ruta del Rey Jay\u00f3n. La emblem\u00e1tica traves\u00eda senderista por la Campi\u00f1a Sur recorre una distancia de 24 kil\u00f3metros y es una combinaci\u00f3n perfecta de naturaleza y patrimonio. Integran esta ruta el Monumento Natural de la Mina de la Jayona, en Fuente del Arco; el castillo y [&hellip;]<!-- AddThis Advanced Settings generic via filter on get_the_excerpt --><!-- AddThis Share Buttons generic via filter on get_the_excerpt --><\/p>\n","protected":false},"author":27,"featured_media":0,"comment_status":"open","ping_status":"closed","sticky":false,"template":"","format":"standard","meta":[],"categories":[1],"tags":[143,328,416,453],"_links":{"self":[{"href":"https:\/\/blogs.hoy.es\/senderosextremadura\/wp-json\/wp\/v2\/posts\/4306"}],"collection":[{"href":"https:\/\/blogs.hoy.es\/senderosextremadura\/wp-json\/wp\/v2\/posts"}],"about":[{"href":"https:\/\/blogs.hoy.es\/senderosextremadura\/wp-json\/wp\/v2\/types\/post"}],"author":[{"embeddable":true,"href":"https:\/\/blogs.hoy.es\/senderosextremadura\/wp-json\/wp\/v2\/users\/27"}],"replies":[{"embeddable":true,"href":"https:\/\/blogs.hoy.es\/senderosextremadura\/wp-json\/wp\/v2\/comments?post=4306"}],"version-history":[{"count":2,"href":"https:\/\/blogs.hoy.es\/senderosextremadura\/wp-json\/wp\/v2\/posts\/4306\/revisions"}],"predecessor-version":[{"id":4309,"href":"https:\/\/blogs.hoy.es\/senderosextremadura\/wp-json\/wp\/v2\/posts\/4306\/revisions\/4309"}],"wp:attachment":[{"href":"https:\/\/blogs.hoy.es\/senderosextremadura\/wp-json\/wp\/v2\/media?parent=4306"}],"wp:term":[{"taxonomy":"category","embeddable":true,"href":"https:\/\/blogs.hoy.es\/senderosextremadura\/wp-json\/wp\/v2\/categories?post=4306"},{"taxonomy":"post_tag","embeddable":true,"href":"https:\/\/blogs.hoy.es\/senderosextremadura\/wp-json\/wp\/v2\/tags?post=4306"}],"curies":[{"name":"wp","href":"https:\/\/api.w.org\/{rel}","templated":true}]}}