{"id":4310,"date":"2018-05-03T08:31:30","date_gmt":"2018-05-03T08:31:30","guid":{"rendered":"http:\/\/blogs.hoy.es\/senderosextremadura\/?p=4310"},"modified":"2018-05-03T08:32:55","modified_gmt":"2018-05-03T08:32:55","slug":"ruta-por-el-robledal-de-aceituna-6-de-mayo","status":"publish","type":"post","link":"https:\/\/blogs.hoy.es\/senderosextremadura\/2018\/05\/03\/ruta-por-el-robledal-de-aceituna-6-de-mayo\/","title":{"rendered":"Ruta por el Robledal de Aceituna (6 de mayo)"},"content":{"rendered":"<p><img loading=\"lazy\" class=\"aligncenter size-large wp-image-4313\" src=\"https:\/\/static-blogs.hoy.es\/wp-content\/uploads\/sites\/22\/2018\/05\/robledal-600x370.jpg\" alt=\"robledal\" width=\"600\" height=\"370\" srcset=\"https:\/\/static-blogs.hoy.es\/wp-content\/uploads\/sites\/22\/2018\/05\/robledal-600x370.jpg 600w, https:\/\/static-blogs.hoy.es\/wp-content\/uploads\/sites\/22\/2018\/05\/robledal-300x185.jpg 300w, https:\/\/static-blogs.hoy.es\/wp-content\/uploads\/sites\/22\/2018\/05\/robledal.jpg 624w\" sizes=\"(max-width: 600px) 100vw, 600px\" \/><\/p>\n<p>El pr\u00f3ximo domingo 6 de mayo se celebra en la localidad cacere\u00f1a de Aceituna la ruta\u00a0 del &#8216;El Robledal de Aceituna&#8217;, perteneciente al Circuito Camina Extremadura 2018. La marcha discurre por senderos del reci\u00e9n catalogado Parque Periurbano de Conservaci\u00f3n y Ocio,\u00a0caracterizado por su poblaci\u00f3n de robles y alcornoques y conjunto lagunar.<\/p>\n<p>La organizaci\u00f3n recibir\u00e1 a los senderistas con un desayuno en su famoso parque del Tamborilero, posteriormente, a las 9 de la ma\u00f1ana comenzar\u00e1 la marcha que tiene diferentes ofertas. La primera es la ruta senderista del Robledal de Aceituna de 14.58km. Quien no tenga con qui\u00e9n dejar a los ni\u00f1os dispone de servicio de guarder\u00eda. La segunda marcha es una ruta infantil que consta de 6.5km, a la que podr\u00e1n asistir ni\u00f1os mayores de ocho a\u00f1os, los menores de esta edad deber\u00e1n ir acompa\u00f1ados por un adulto.<\/p>\n<p>Para culminar la jornada de ruta por la dehesa florecida, a la llegada de los senderistas se proceder\u00e1 a la inauguraci\u00f3n de un muro cr\u00edtico que posteriormente amenizar\u00e1 con un concierto did\u00e1ctico la Orquesta Provincial de la Diputaci\u00f3n de C\u00e1ceres.<\/p>\n<p><strong>INSCRIPCIONES<\/strong><br \/>\nLa cuota de inscripci\u00f3n es de 4 euros federados y ni\u00f1os, 6 euros no federados.<br \/>\nHay plazas limitadas y el plazo de inscripci\u00f3n finalizar\u00e1 el d\u00eda 2 de mayo mi\u00e9rcoles.<\/p>\n<p>Esta actividad cuenta con el patrocinio de la Direcci\u00f3n General de Deportes de l Junta de Extremadura, la Federaci\u00f3n Extreme\u00f1a de Monta\u00f1a y Escalada (FEXME), Alimentos de Extremadura, Fundaci\u00f3n J\u00f3venes y Deporte, Diputaci\u00f3n de C\u00e1ceres, Ayuntamiento de Aceituna, Mancomunidad Valle del Alag\u00f3n\u2026 y otros colaboradores<\/p>\n<p><img loading=\"lazy\" class=\"aligncenter size-large wp-image-4311\" src=\"https:\/\/static-blogs.hoy.es\/wp-content\/uploads\/sites\/22\/2018\/05\/RUTA-ROBLEDAL-ACEITUNA-2018-768x712-600x556.jpg\" alt=\"ruta-robledal-aceituna-2018-768x712\" width=\"600\" height=\"556\" srcset=\"https:\/\/static-blogs.hoy.es\/wp-content\/uploads\/sites\/22\/2018\/05\/RUTA-ROBLEDAL-ACEITUNA-2018-768x712-600x556.jpg 600w, https:\/\/static-blogs.hoy.es\/wp-content\/uploads\/sites\/22\/2018\/05\/RUTA-ROBLEDAL-ACEITUNA-2018-768x712-300x278.jpg 300w, https:\/\/static-blogs.hoy.es\/wp-content\/uploads\/sites\/22\/2018\/05\/RUTA-ROBLEDAL-ACEITUNA-2018-768x712.jpg 768w\" sizes=\"(max-width: 600px) 100vw, 600px\" \/><\/p>\n<!-- AddThis Advanced Settings generic via filter on the_content --><!-- AddThis Share Buttons generic via filter on the_content -->","protected":false},"excerpt":{"rendered":"<p>El pr\u00f3ximo domingo 6 de mayo se celebra en la localidad cacere\u00f1a de Aceituna la ruta\u00a0 del &#8216;El Robledal de Aceituna&#8217;, perteneciente al Circuito Camina Extremadura 2018. La marcha discurre por senderos del reci\u00e9n catalogado Parque Periurbano de Conservaci\u00f3n y Ocio,\u00a0caracterizado por su poblaci\u00f3n de robles y alcornoques y conjunto lagunar. La organizaci\u00f3n recibir\u00e1 a [&hellip;]<!-- AddThis Advanced Settings generic via filter on get_the_excerpt --><!-- AddThis Share Buttons generic via filter on get_the_excerpt --><\/p>\n","protected":false},"author":27,"featured_media":0,"comment_status":"open","ping_status":"closed","sticky":false,"template":"","format":"standard","meta":[],"categories":[4],"tags":[1177,657,906],"_links":{"self":[{"href":"https:\/\/blogs.hoy.es\/senderosextremadura\/wp-json\/wp\/v2\/posts\/4310"}],"collection":[{"href":"https:\/\/blogs.hoy.es\/senderosextremadura\/wp-json\/wp\/v2\/posts"}],"about":[{"href":"https:\/\/blogs.hoy.es\/senderosextremadura\/wp-json\/wp\/v2\/types\/post"}],"author":[{"embeddable":true,"href":"https:\/\/blogs.hoy.es\/senderosextremadura\/wp-json\/wp\/v2\/users\/27"}],"replies":[{"embeddable":true,"href":"https:\/\/blogs.hoy.es\/senderosextremadura\/wp-json\/wp\/v2\/comments?post=4310"}],"version-history":[{"count":3,"href":"https:\/\/blogs.hoy.es\/senderosextremadura\/wp-json\/wp\/v2\/posts\/4310\/revisions"}],"predecessor-version":[{"id":4315,"href":"https:\/\/blogs.hoy.es\/senderosextremadura\/wp-json\/wp\/v2\/posts\/4310\/revisions\/4315"}],"wp:attachment":[{"href":"https:\/\/blogs.hoy.es\/senderosextremadura\/wp-json\/wp\/v2\/media?parent=4310"}],"wp:term":[{"taxonomy":"category","embeddable":true,"href":"https:\/\/blogs.hoy.es\/senderosextremadura\/wp-json\/wp\/v2\/categories?post=4310"},{"taxonomy":"post_tag","embeddable":true,"href":"https:\/\/blogs.hoy.es\/senderosextremadura\/wp-json\/wp\/v2\/tags?post=4310"}],"curies":[{"name":"wp","href":"https:\/\/api.w.org\/{rel}","templated":true}]}}