{"id":432,"date":"2012-04-23T12:07:45","date_gmt":"2012-04-23T12:07:45","guid":{"rendered":"http:\/\/blogs.hoy.es\/senderosextremadura\/?p=432"},"modified":"2012-04-23T12:07:45","modified_gmt":"2012-04-23T12:07:45","slug":"puente-de-mayo-de-senderismo-en-el-jerte","status":"publish","type":"post","link":"https:\/\/blogs.hoy.es\/senderosextremadura\/2012\/04\/23\/puente-de-mayo-de-senderismo-en-el-jerte\/","title":{"rendered":"Puente de mayo de senderismo en el Jerte"},"content":{"rendered":"<p style=\"text-align: left;\"><a href=\"https:\/\/blogs.hoy.es\/senderosextremadura\/2012\/04\/23\/puente-de-mayo-de-senderismo-en-el-jerte\/jerte-3\/\" rel=\"attachment wp-att-433\"><img loading=\"lazy\" class=\"aligncenter size-full wp-image-433\" title=\"jerte\" src=\"\/senderosextremadura\/wp-content\/uploads\/sites\/22\/2012\/04\/jerte.jpg\" alt=\"\" width=\"684\" height=\"428\" srcset=\"https:\/\/static-blogs.hoy.es\/wp-content\/uploads\/sites\/22\/2012\/04\/jerte-300x188.jpg 300w, https:\/\/static-blogs.hoy.es\/wp-content\/uploads\/sites\/22\/2012\/04\/jerte-768x482.jpg 768w\" sizes=\"(max-width: 684px) 100vw, 684px\" \/><\/a><\/p>\n<h2 style=\"text-align: left;\"><a href=\"http:\/\/www.zonaexplorer.com\/\" target=\"_blank\" rel=\"external nofollow\"><strong>Explorer<\/strong> <\/a>organiza una excursi\u00f3n para practicar senderismo en el <strong>Valle del Jerte <\/strong>durante el puente de mayo (27, 28, 29 y 30 Abril y 1 mayo). Una comarca cacere\u00f1a que siempre nos sorprende por mucho que la visitemos.<\/h2>\n<h2>El programa incluye tres rutas por lugares emblem\u00e1ticos del Valle tan emblem\u00e1ticos como la <strong>Garganta de los Infiernos<\/strong>, el nacimiento del r\u00edo <strong>Jerte<\/strong> o las <strong>Gargantas de San Mart\u00edn<\/strong>.<\/h2>\n<p>&nbsp;<\/p>\n<h2>SALIDAS (Viernes, 27 \/ 04 \/ 2012)<br \/>\n19,00h desde Badajoz (Traseras de Eroski)<br \/>\n20,00h desde C\u00e1ceres (Estaci\u00f3n de Autobuses)<\/h2>\n<h2>&#8230; REGRESO (Martes, 01 \/ 05 \/ 2012)<br \/>\n12,00h desde Tornavacas<\/h2>\n<h2>3 RUTAS de SENDERISMO GUIADAS<br \/>\n28 \/ 04 \/ 2012: Ruta de las Gargantas de San Mart\u00edn (17 Km)<br \/>\n29 \/ 04 \/ 2012 Ruta de la Garganta de los Infiernos (17 Km)<br \/>\n30 \/ 04 \/ 2012: Ruta del Nacimiento del R\u00edo Jerte<\/h2>\n<h2>ASISTENCIA A LA FIESTA TRADICIONAL JERTE\u00d1A (Nocturna)<\/h2>\n<h2>PRECIO: 220 Euros<\/h2>\n<h2>INCLUYE:<br \/>\n&#8211; Traslados Ida \/ Vuelta<br \/>\n&#8211; 3 Noches en habitaci\u00f3n doble<br \/>\n&#8211; 4 desayunos, 3 almuerzos (2 picnic) y 4 cenas<br \/>\n&#8211; Rutas Guiadas y Fiesta Tradicional Jerte\u00f1a<br \/>\n&#8211; Seguros<\/h2>\n<h2>INFORMACI\u00d3N \/ RESERVAS<br \/>\nEXPLORER. C\/ Santo Domingo, 49. Tlf: 924 25 15 16<br \/>\nEXPLORER. C\/ Santo Domingo, 72. Tlf: 924 24 25 85<br \/>\n<strong><a href=\"http:\/\/www.zonaexplorer.com\/\" target=\"_blank\" rel=\"external nofollow\">http:\/\/www.zonaexplorer.com\/<\/a><\/strong><\/h2>\n<!-- AddThis Advanced Settings generic via filter on the_content --><!-- AddThis Share Buttons generic via filter on the_content -->","protected":false},"excerpt":{"rendered":"<p>Explorer organiza una excursi\u00f3n para practicar senderismo en el Valle del Jerte durante el puente de mayo (27, 28, 29 y 30 Abril y 1 mayo). Una comarca cacere\u00f1a que siempre nos sorprende por mucho que la visitemos. El programa incluye tres rutas por lugares emblem\u00e1ticos del Valle tan emblem\u00e1ticos como la Garganta de los [&hellip;]<!-- AddThis Advanced Settings generic via filter on get_the_excerpt --><!-- AddThis Share Buttons generic via filter on get_the_excerpt --><\/p>\n","protected":false},"author":27,"featured_media":0,"comment_status":"open","ping_status":"closed","sticky":false,"template":"","format":"standard","meta":[],"categories":[4],"tags":[],"_links":{"self":[{"href":"https:\/\/blogs.hoy.es\/senderosextremadura\/wp-json\/wp\/v2\/posts\/432"}],"collection":[{"href":"https:\/\/blogs.hoy.es\/senderosextremadura\/wp-json\/wp\/v2\/posts"}],"about":[{"href":"https:\/\/blogs.hoy.es\/senderosextremadura\/wp-json\/wp\/v2\/types\/post"}],"author":[{"embeddable":true,"href":"https:\/\/blogs.hoy.es\/senderosextremadura\/wp-json\/wp\/v2\/users\/27"}],"replies":[{"embeddable":true,"href":"https:\/\/blogs.hoy.es\/senderosextremadura\/wp-json\/wp\/v2\/comments?post=432"}],"version-history":[{"count":0,"href":"https:\/\/blogs.hoy.es\/senderosextremadura\/wp-json\/wp\/v2\/posts\/432\/revisions"}],"wp:attachment":[{"href":"https:\/\/blogs.hoy.es\/senderosextremadura\/wp-json\/wp\/v2\/media?parent=432"}],"wp:term":[{"taxonomy":"category","embeddable":true,"href":"https:\/\/blogs.hoy.es\/senderosextremadura\/wp-json\/wp\/v2\/categories?post=432"},{"taxonomy":"post_tag","embeddable":true,"href":"https:\/\/blogs.hoy.es\/senderosextremadura\/wp-json\/wp\/v2\/tags?post=432"}],"curies":[{"name":"wp","href":"https:\/\/api.w.org\/{rel}","templated":true}]}}