{"id":4333,"date":"2018-07-17T17:51:31","date_gmt":"2018-07-17T17:51:31","guid":{"rendered":"http:\/\/blogs.hoy.es\/senderosextremadura\/?p=4333"},"modified":"2018-07-17T17:51:31","modified_gmt":"2018-07-17T17:51:31","slug":"el-ii-circuito-camina-caceres-comienza-el-29-de-julio-en-las-hurdes","status":"publish","type":"post","link":"https:\/\/blogs.hoy.es\/senderosextremadura\/2018\/07\/17\/el-ii-circuito-camina-caceres-comienza-el-29-de-julio-en-las-hurdes\/","title":{"rendered":"El II Circuito Camina C\u00e1ceres comienza el 29 de julio en Las Hurdes"},"content":{"rendered":"<p><img loading=\"lazy\" class=\"aligncenter size-large wp-image-4334\" src=\"https:\/\/static-blogs.hoy.es\/wp-content\/uploads\/sites\/22\/2018\/07\/hurdes-600x369.jpg\" alt=\"hurdes\" width=\"600\" height=\"369\" srcset=\"https:\/\/static-blogs.hoy.es\/wp-content\/uploads\/sites\/22\/2018\/07\/hurdes-600x369.jpg 600w, https:\/\/static-blogs.hoy.es\/wp-content\/uploads\/sites\/22\/2018\/07\/hurdes-300x185.jpg 300w, https:\/\/static-blogs.hoy.es\/wp-content\/uploads\/sites\/22\/2018\/07\/hurdes.jpg 624w\" sizes=\"(max-width: 600px) 100vw, 600px\" \/><\/p>\n<p>El II Circuito Diputaci\u00f3n de Senderismo Camina C\u00e1ceres se desarrollar\u00e1 entre el pr\u00f3ximo d\u00eda 29 y el 2 de diciembre para recorrer un total de 10 localidades de la provincia en las que se desarrollar\u00e1 una ruta de senderismo por los enclaves m\u00e1s caracter\u00edsticos e interesantes tur\u00edsticamente de cada zona.<\/p>\n<p>Camina C\u00e1ceres es un programa tur\u00edstico-deportivo promovido por la Diputacion, en colaboraci\u00f3n con las empresas deportivas Tu Crono, Soluciones Wellness y la Federaci\u00f3n Extreme\u00f1a de Monta\u00f1a, ha informado hoy la organizaci\u00f3n mediante un comunicado.<\/p>\n<p>Casares de las Hurdes acoger\u00e1 la primera ruta de senderismo de este calendario con la denominada ruta de &#8216;El Mirador de la Pregonera&#8217;, cuya salida tendr\u00e1 lugar por la ma\u00f1ana desde la Plaza Mayor. Los senderistas recorrer\u00e1n uno total de 10,5 kil\u00f3metros en los que podr\u00e1n disfrutar del paisaje escarpado de uno de los tres valles que componen la comarca de Las Hurdes.<\/p>\n<p>La ruta discurrir\u00e1 por la alquer\u00eda de La Huetre para dirigirse luego hacia el Mirador de la Pregonera, desde el que se podr\u00e1 observar todo el valle que deja a su paso el r\u00edo Hurdano. A la llegada al mirador se realizar\u00e1 una parada para avituallamiento y posteriormente se emprender\u00e1 el regreso por la ruta de Maj\u00e1-Robledo hasta Casares de las Hurdes.<\/p>\n<p>Los participantes pueden inscribirse a trav\u00e9s de la p\u00e1gina web www.tucrono.com y, adem\u00e1s de avituallamiento, recibir\u00e1n una camiseta conmemorativa.<\/p>\n<p><strong>15 de septiembre<\/strong><\/p>\n<p>El circuito se reanudar\u00e1 el 15 de septiembre en Valdemorales, tras lo que proseguir\u00e1 el 23 de septiembre en Mohedas de Granadilla y el 30 del mismo mes en Villanueva de la Sierra.<\/p>\n<p>Tambi\u00e9n incluir\u00e1 otras rutas como la de la V\u00eda de la Plata, en Carcaboso-Valdeobispo; la oto\u00f1ada del Jerte, de Navaconcejo; y finalizar\u00e1 en Miajadas con la ruta por el r\u00edo B\u00fardalo.<\/p>\n<p>Fuente: EFE<\/p>\n<!-- AddThis Advanced Settings generic via filter on the_content --><!-- AddThis Share Buttons generic via filter on the_content -->","protected":false},"excerpt":{"rendered":"<p>El II Circuito Diputaci\u00f3n de Senderismo Camina C\u00e1ceres se desarrollar\u00e1 entre el pr\u00f3ximo d\u00eda 29 y el 2 de diciembre para recorrer un total de 10 localidades de la provincia en las que se desarrollar\u00e1 una ruta de senderismo por los enclaves m\u00e1s caracter\u00edsticos e interesantes tur\u00edsticamente de cada zona. Camina C\u00e1ceres es un programa [&hellip;]<!-- AddThis Advanced Settings generic via filter on get_the_excerpt --><!-- AddThis Share Buttons generic via filter on get_the_excerpt --><\/p>\n","protected":false},"author":27,"featured_media":0,"comment_status":"open","ping_status":"closed","sticky":false,"template":"","format":"standard","meta":[],"categories":[1],"tags":[],"_links":{"self":[{"href":"https:\/\/blogs.hoy.es\/senderosextremadura\/wp-json\/wp\/v2\/posts\/4333"}],"collection":[{"href":"https:\/\/blogs.hoy.es\/senderosextremadura\/wp-json\/wp\/v2\/posts"}],"about":[{"href":"https:\/\/blogs.hoy.es\/senderosextremadura\/wp-json\/wp\/v2\/types\/post"}],"author":[{"embeddable":true,"href":"https:\/\/blogs.hoy.es\/senderosextremadura\/wp-json\/wp\/v2\/users\/27"}],"replies":[{"embeddable":true,"href":"https:\/\/blogs.hoy.es\/senderosextremadura\/wp-json\/wp\/v2\/comments?post=4333"}],"version-history":[{"count":1,"href":"https:\/\/blogs.hoy.es\/senderosextremadura\/wp-json\/wp\/v2\/posts\/4333\/revisions"}],"predecessor-version":[{"id":4335,"href":"https:\/\/blogs.hoy.es\/senderosextremadura\/wp-json\/wp\/v2\/posts\/4333\/revisions\/4335"}],"wp:attachment":[{"href":"https:\/\/blogs.hoy.es\/senderosextremadura\/wp-json\/wp\/v2\/media?parent=4333"}],"wp:term":[{"taxonomy":"category","embeddable":true,"href":"https:\/\/blogs.hoy.es\/senderosextremadura\/wp-json\/wp\/v2\/categories?post=4333"},{"taxonomy":"post_tag","embeddable":true,"href":"https:\/\/blogs.hoy.es\/senderosextremadura\/wp-json\/wp\/v2\/tags?post=4333"}],"curies":[{"name":"wp","href":"https:\/\/api.w.org\/{rel}","templated":true}]}}