{"id":4336,"date":"2018-07-17T18:48:56","date_gmt":"2018-07-17T18:48:56","guid":{"rendered":"http:\/\/blogs.hoy.es\/senderosextremadura\/?p=4336"},"modified":"2018-07-17T18:48:56","modified_gmt":"2018-07-17T18:48:56","slug":"valencia-de-alcantara-celebra-el-29-de-julio-la-iv-ruta-tras-las-huellas-de-valbon","status":"publish","type":"post","link":"https:\/\/blogs.hoy.es\/senderosextremadura\/2018\/07\/17\/valencia-de-alcantara-celebra-el-29-de-julio-la-iv-ruta-tras-las-huellas-de-valbon\/","title":{"rendered":"Valencia de Alc\u00e1ntara celebra el 29 de julio la IV Ruta &#8216;Tras las huellas de Valb\u00f3n&#8217;"},"content":{"rendered":"<p><img loading=\"lazy\" class=\"aligncenter size-large wp-image-4337\" src=\"https:\/\/static-blogs.hoy.es\/wp-content\/uploads\/sites\/22\/2018\/07\/valbon-600x400.jpg\" alt=\"valbon\" width=\"600\" height=\"400\" srcset=\"https:\/\/static-blogs.hoy.es\/wp-content\/uploads\/sites\/22\/2018\/07\/valbon-600x400.jpg 600w, https:\/\/static-blogs.hoy.es\/wp-content\/uploads\/sites\/22\/2018\/07\/valbon-300x200.jpg 300w, https:\/\/static-blogs.hoy.es\/wp-content\/uploads\/sites\/22\/2018\/07\/valbon-768x512.jpg 768w, https:\/\/static-blogs.hoy.es\/wp-content\/uploads\/sites\/22\/2018\/07\/valbon.jpg 960w\" sizes=\"(max-width: 600px) 100vw, 600px\" \/><\/p>\n<p>Con motivo de la celebraci\u00f3n del XIV Festival Transfronterizo Boda Regia en Valencia de Alc\u00e1ntara, el 29 de julio se celebra en la localidad la IV ruta senderista &#8216;Tras las Huellas de Valb\u00f3n&#8217;, organizada por el grupo de Arqueolog\u00eda y Defensa del Patrimonio. En esta edici\u00f3n de la marcha nocturna se volver\u00e1 a iluminar la ermita, y se realizar\u00e1n una serie de actividades en los exteriores, informa el consistorio. La caminata comenzar\u00e1 en el Paseo de San Francisco y dar\u00e1 comienzo a las 21:00 horas, el control de firmas ser\u00e1 a partir de las 20:00.<\/p>\n<p>Las inscripciones se realizar\u00e1n tanto en Papeler\u00eda Carioca, como a trav\u00e9s del formulario Google https:\/\/goo.gl\/forms\/HKot3paoGdH5Qyw92 (obsequio a las 200 primeras inscripciones), estableci\u00e9ndose un donativo de 3 euros, a pagar el d\u00eda de la ruta (excepto menores de 14 a\u00f1os y socios) destinados a recuperar la ermita.<\/p>\n<p>M\u00e1s informaci\u00f3n a trav\u00e9s del tel\u00e9fono: 676 313 849.<\/p>\n<!-- AddThis Advanced Settings generic via filter on the_content --><!-- AddThis Share Buttons generic via filter on the_content -->","protected":false},"excerpt":{"rendered":"<p>Con motivo de la celebraci\u00f3n del XIV Festival Transfronterizo Boda Regia en Valencia de Alc\u00e1ntara, el 29 de julio se celebra en la localidad la IV ruta senderista &#8216;Tras las Huellas de Valb\u00f3n&#8217;, organizada por el grupo de Arqueolog\u00eda y Defensa del Patrimonio. En esta edici\u00f3n de la marcha nocturna se volver\u00e1 a iluminar la [&hellip;]<!-- AddThis Advanced Settings generic via filter on get_the_excerpt --><!-- AddThis Share Buttons generic via filter on get_the_excerpt --><\/p>\n","protected":false},"author":27,"featured_media":0,"comment_status":"open","ping_status":"closed","sticky":false,"template":"","format":"standard","meta":[],"categories":[4],"tags":[836,906,1180,1055],"_links":{"self":[{"href":"https:\/\/blogs.hoy.es\/senderosextremadura\/wp-json\/wp\/v2\/posts\/4336"}],"collection":[{"href":"https:\/\/blogs.hoy.es\/senderosextremadura\/wp-json\/wp\/v2\/posts"}],"about":[{"href":"https:\/\/blogs.hoy.es\/senderosextremadura\/wp-json\/wp\/v2\/types\/post"}],"author":[{"embeddable":true,"href":"https:\/\/blogs.hoy.es\/senderosextremadura\/wp-json\/wp\/v2\/users\/27"}],"replies":[{"embeddable":true,"href":"https:\/\/blogs.hoy.es\/senderosextremadura\/wp-json\/wp\/v2\/comments?post=4336"}],"version-history":[{"count":1,"href":"https:\/\/blogs.hoy.es\/senderosextremadura\/wp-json\/wp\/v2\/posts\/4336\/revisions"}],"predecessor-version":[{"id":4338,"href":"https:\/\/blogs.hoy.es\/senderosextremadura\/wp-json\/wp\/v2\/posts\/4336\/revisions\/4338"}],"wp:attachment":[{"href":"https:\/\/blogs.hoy.es\/senderosextremadura\/wp-json\/wp\/v2\/media?parent=4336"}],"wp:term":[{"taxonomy":"category","embeddable":true,"href":"https:\/\/blogs.hoy.es\/senderosextremadura\/wp-json\/wp\/v2\/categories?post=4336"},{"taxonomy":"post_tag","embeddable":true,"href":"https:\/\/blogs.hoy.es\/senderosextremadura\/wp-json\/wp\/v2\/tags?post=4336"}],"curies":[{"name":"wp","href":"https:\/\/api.w.org\/{rel}","templated":true}]}}