{"id":4339,"date":"2018-07-18T15:34:22","date_gmt":"2018-07-18T15:34:22","guid":{"rendered":"http:\/\/blogs.hoy.es\/senderosextremadura\/?p=4339"},"modified":"2018-07-18T15:34:46","modified_gmt":"2018-07-18T15:34:46","slug":"ruta-nocturna-villa-de-trasierra-mirador-al-cielo-estrellado-de-la-campina-sur","status":"publish","type":"post","link":"https:\/\/blogs.hoy.es\/senderosextremadura\/2018\/07\/18\/ruta-nocturna-villa-de-trasierra-mirador-al-cielo-estrellado-de-la-campina-sur\/","title":{"rendered":"Ruta nocturna Villa de Trasierra: mirador al cielo estrellado de la Campi\u00f1a Sur"},"content":{"rendered":"<p>La <strong>VIII Ruta nocturna Villa de Trasierra<\/strong> se celebra este a\u00f1o el s\u00e1bado 18 de agosto. La marcha comenzar\u00e1 con la recepci\u00f3n de senderistas a las 19:00 horas en la plaza de la Iglesia de la localidad pacense para posteriormente a las 20:00h dar comienzo la ruta. El recorrido es circular en dos tramos, corto y largo; el primer circuito de unos 7 Km sube a la sierra de San Miguel, al <strong>mirador de la Campi\u00f1a Sur<\/strong>, donde tras tomar un avituallamiento y disfrutar de las vistas nocturnas de la campi\u00f1a se divide el recorrido en las dos rutas; la corta regresa por el camino antiguo de Trasierra, un sendero con siglos de antig\u00fcedad, terminando en el punto de partida en la plaza de la localidad. El circuito largo este a\u00f1o cuenta con 14 Km y tras subir a la sierra de San Miguel nos dirigiremos a la vecina localidad de Llerena bajando por una de las faldas de la sierra y tras tomar otro avituallamiento regresaremos, subiendo la sierra por otro de los numerosos y bellos senderos de esta sierra para volver al punto de partida, en la plaza de Trasierra, donde se recibir\u00e1n a los caminantes con m\u00fasica y aperitivos de convivencia.<\/p>\n<p>El primer tramo de 7 Km coincide con la ruta larga por lo que todos los participantes podr\u00e1n disfrutar de un peque\u00f1o recorrido por las calles de la localidad y unas vistas impresionantesde las estribaciones de Sierra Morena y sus pinares, un enclave id\u00f3neo para disfrutar del atardecer en el sur de Extremadura, con sus cambios de luces y sombras que dar\u00e1n paso a la noche suave y fresca, entre encinas, chaparros, jara y alcornoques.<\/p>\n<p>Tras un peque\u00f1o avituallamiento los participantes que se vean con fuerza continuar\u00e1n por el recorrido de los 14 Km para bajar a la vecina y hermosa ciudad de Llerena, en este punto empezar\u00e1 a ser necesario el uso de linternas pues la noche habr\u00e1 llegado con sus estrellas y su m\u00e1gica luna. Observaremos como se empiezan a encender las luces de los pueblos de la campi\u00f1a sur con Llerena a nuestros pies y un sinf\u00edn de oasis luminosos al fondo de la llanura.<\/p>\n<p>Tras un segundo avituallamiento en el auditorio de Llerena regresaremos a la plaza de Trasierra, mismo lugar de inicio de la marcha y reuni\u00f3n de los caminantes para disfrutar del tradicional aperitivo de convivencia con m\u00fasica y bailes.<\/p>\n<p>La ruta forma parte del &#8220;Circuito Camina Extremadura 2018&#8221; por lo que se dispondr\u00e1 de pasaportes para las distintas pruebas de este circuito y se sellar\u00e1n para los participantes interesados.<\/p>\n<p>La inscripci\u00f3n es 2 euros para federados y 3 para no federados, se realizar\u00e1 a trav\u00e9s del enlace en la web:<br \/>\nwww.trasierra.org<\/p>\n<p>Indicando:<\/p>\n<p>Nombre y Apellidos, DNI, Tel\u00e9fonos, e-mail, Club, si se est\u00e1 o no federado, Procedencia y Fecha nacimiento. Menores de 12 a\u00f1os deben ir acompa\u00f1ados por un adulto.<\/p>\n<p><img loading=\"lazy\" class=\"aligncenter size-large wp-image-4340\" src=\"https:\/\/static-blogs.hoy.es\/wp-content\/uploads\/sites\/22\/2018\/07\/Cartel-2018-Trasierra-600x848.jpg\" alt=\"cartel-2018-trasierra\" width=\"600\" height=\"848\" srcset=\"https:\/\/static-blogs.hoy.es\/wp-content\/uploads\/sites\/22\/2018\/07\/Cartel-2018-Trasierra-600x848.jpg 600w, https:\/\/static-blogs.hoy.es\/wp-content\/uploads\/sites\/22\/2018\/07\/Cartel-2018-Trasierra-212x300.jpg 212w, https:\/\/static-blogs.hoy.es\/wp-content\/uploads\/sites\/22\/2018\/07\/Cartel-2018-Trasierra-768x1086.jpg 768w, https:\/\/static-blogs.hoy.es\/wp-content\/uploads\/sites\/22\/2018\/07\/Cartel-2018-Trasierra.jpg 1000w\" sizes=\"(max-width: 600px) 100vw, 600px\" \/><\/p>\n<!-- AddThis Advanced Settings generic via filter on the_content --><!-- AddThis Share Buttons generic via filter on the_content -->","protected":false},"excerpt":{"rendered":"<p>La VIII Ruta nocturna Villa de Trasierra se celebra este a\u00f1o el s\u00e1bado 18 de agosto. La marcha comenzar\u00e1 con la recepci\u00f3n de senderistas a las 19:00 horas en la plaza de la Iglesia de la localidad pacense para posteriormente a las 20:00h dar comienzo la ruta. El recorrido es circular en dos tramos, corto [&hellip;]<!-- AddThis Advanced Settings generic via filter on get_the_excerpt --><!-- AddThis Share Buttons generic via filter on get_the_excerpt --><\/p>\n","protected":false},"author":27,"featured_media":0,"comment_status":"open","ping_status":"closed","sticky":false,"template":"","format":"standard","meta":[],"categories":[4],"tags":[1129,453,836,906,944,1028],"_links":{"self":[{"href":"https:\/\/blogs.hoy.es\/senderosextremadura\/wp-json\/wp\/v2\/posts\/4339"}],"collection":[{"href":"https:\/\/blogs.hoy.es\/senderosextremadura\/wp-json\/wp\/v2\/posts"}],"about":[{"href":"https:\/\/blogs.hoy.es\/senderosextremadura\/wp-json\/wp\/v2\/types\/post"}],"author":[{"embeddable":true,"href":"https:\/\/blogs.hoy.es\/senderosextremadura\/wp-json\/wp\/v2\/users\/27"}],"replies":[{"embeddable":true,"href":"https:\/\/blogs.hoy.es\/senderosextremadura\/wp-json\/wp\/v2\/comments?post=4339"}],"version-history":[{"count":1,"href":"https:\/\/blogs.hoy.es\/senderosextremadura\/wp-json\/wp\/v2\/posts\/4339\/revisions"}],"predecessor-version":[{"id":4341,"href":"https:\/\/blogs.hoy.es\/senderosextremadura\/wp-json\/wp\/v2\/posts\/4339\/revisions\/4341"}],"wp:attachment":[{"href":"https:\/\/blogs.hoy.es\/senderosextremadura\/wp-json\/wp\/v2\/media?parent=4339"}],"wp:term":[{"taxonomy":"category","embeddable":true,"href":"https:\/\/blogs.hoy.es\/senderosextremadura\/wp-json\/wp\/v2\/categories?post=4339"},{"taxonomy":"post_tag","embeddable":true,"href":"https:\/\/blogs.hoy.es\/senderosextremadura\/wp-json\/wp\/v2\/tags?post=4339"}],"curies":[{"name":"wp","href":"https:\/\/api.w.org\/{rel}","templated":true}]}}