{"id":4343,"date":"2018-07-19T10:16:14","date_gmt":"2018-07-19T10:16:14","guid":{"rendered":"http:\/\/blogs.hoy.es\/senderosextremadura\/?p=4343"},"modified":"2018-07-19T10:16:14","modified_gmt":"2018-07-19T10:16:14","slug":"ruta-por-la-sierra-de-los-alijares-una-atalaya-en-robledillo-de-trujillo-22-de-julio","status":"publish","type":"post","link":"https:\/\/blogs.hoy.es\/senderosextremadura\/2018\/07\/19\/ruta-por-la-sierra-de-los-alijares-una-atalaya-en-robledillo-de-trujillo-22-de-julio\/","title":{"rendered":"Ruta por la Sierra de los Alijares, una atalaya en Robledillo de Trujillo (22 de julio)"},"content":{"rendered":"<p><img loading=\"lazy\" class=\"aligncenter size-large wp-image-4344\" src=\"https:\/\/static-blogs.hoy.es\/wp-content\/uploads\/sites\/22\/2018\/07\/Salida-Sierra-de-los-Alijares-750x430-600x344.jpg\" alt=\"salida-sierra-de-los-alijares-750x430\" width=\"600\" height=\"344\" srcset=\"https:\/\/static-blogs.hoy.es\/wp-content\/uploads\/sites\/22\/2018\/07\/Salida-Sierra-de-los-Alijares-750x430-600x344.jpg 600w, https:\/\/static-blogs.hoy.es\/wp-content\/uploads\/sites\/22\/2018\/07\/Salida-Sierra-de-los-Alijares-750x430-300x172.jpg 300w, https:\/\/static-blogs.hoy.es\/wp-content\/uploads\/sites\/22\/2018\/07\/Salida-Sierra-de-los-Alijares-750x430.jpg 750w\" sizes=\"(max-width: 600px) 100vw, 600px\" \/><\/p>\n<p>La Asociaci\u00f3n para el Desarrollo Integral de la Comarca Miajadas-Trujillo (ADICOMT) ha organizado el pr\u00f3ximo domingo d\u00eda 22 de julio un paseo did\u00e1ctico por Robledillo de Trujillo para disfrutar con la interpretaci\u00f3n del entorno. Desde las atalayas de la zona se podr\u00eda disfrutar del paisaje en la Ruta Los Alijares. Adem\u00e1s de practicar senderismo,\u00a0los participantes asistir\u00e1n a la interpretaci\u00f3n del paisaje durante la subida y desde un inmejorable mirador. El punto de salida ser\u00e1 la plaza de Robledillo de Trujillo a las 8:00 de la ma\u00f1ana.<\/p>\n<p>Desde all\u00ed se emprender\u00e1 la marcha para hacer en torno a 7 kil\u00f3metros por bellos senderos, desde los que se pretende observar amplias panor\u00e1micas de los Llanos de C\u00e1ceres, los Llanos de Trujillo, Las Vegas del Guadiana o el embalse del R\u00edo B\u00fardalo.<\/p>\n<!-- AddThis Advanced Settings generic via filter on the_content --><!-- AddThis Share Buttons generic via filter on the_content -->","protected":false},"excerpt":{"rendered":"<p>La Asociaci\u00f3n para el Desarrollo Integral de la Comarca Miajadas-Trujillo (ADICOMT) ha organizado el pr\u00f3ximo domingo d\u00eda 22 de julio un paseo did\u00e1ctico por Robledillo de Trujillo para disfrutar con la interpretaci\u00f3n del entorno. Desde las atalayas de la zona se podr\u00eda disfrutar del paisaje en la Ruta Los Alijares. Adem\u00e1s de practicar senderismo,\u00a0los participantes [&hellip;]<!-- AddThis Advanced Settings generic via filter on get_the_excerpt --><!-- AddThis Share Buttons generic via filter on get_the_excerpt --><\/p>\n","protected":false},"author":27,"featured_media":0,"comment_status":"open","ping_status":"closed","sticky":false,"template":"","format":"standard","meta":[],"categories":[4],"tags":[451,1181,836,906],"_links":{"self":[{"href":"https:\/\/blogs.hoy.es\/senderosextremadura\/wp-json\/wp\/v2\/posts\/4343"}],"collection":[{"href":"https:\/\/blogs.hoy.es\/senderosextremadura\/wp-json\/wp\/v2\/posts"}],"about":[{"href":"https:\/\/blogs.hoy.es\/senderosextremadura\/wp-json\/wp\/v2\/types\/post"}],"author":[{"embeddable":true,"href":"https:\/\/blogs.hoy.es\/senderosextremadura\/wp-json\/wp\/v2\/users\/27"}],"replies":[{"embeddable":true,"href":"https:\/\/blogs.hoy.es\/senderosextremadura\/wp-json\/wp\/v2\/comments?post=4343"}],"version-history":[{"count":1,"href":"https:\/\/blogs.hoy.es\/senderosextremadura\/wp-json\/wp\/v2\/posts\/4343\/revisions"}],"predecessor-version":[{"id":4345,"href":"https:\/\/blogs.hoy.es\/senderosextremadura\/wp-json\/wp\/v2\/posts\/4343\/revisions\/4345"}],"wp:attachment":[{"href":"https:\/\/blogs.hoy.es\/senderosextremadura\/wp-json\/wp\/v2\/media?parent=4343"}],"wp:term":[{"taxonomy":"category","embeddable":true,"href":"https:\/\/blogs.hoy.es\/senderosextremadura\/wp-json\/wp\/v2\/categories?post=4343"},{"taxonomy":"post_tag","embeddable":true,"href":"https:\/\/blogs.hoy.es\/senderosextremadura\/wp-json\/wp\/v2\/tags?post=4343"}],"curies":[{"name":"wp","href":"https:\/\/api.w.org\/{rel}","templated":true}]}}