{"id":435,"date":"2012-04-23T16:04:28","date_gmt":"2012-04-23T16:04:28","guid":{"rendered":"http:\/\/blogs.hoy.es\/senderosextremadura\/?p=435"},"modified":"2012-04-23T16:04:28","modified_gmt":"2012-04-23T16:04:28","slug":"iv-ruta-de-isabel-la-catolica-de-canamero-a-guadalupe-13-de-mayo","status":"publish","type":"post","link":"https:\/\/blogs.hoy.es\/senderosextremadura\/2012\/04\/23\/iv-ruta-de-isabel-la-catolica-de-canamero-a-guadalupe-13-de-mayo\/","title":{"rendered":"VI Ruta de Isabel la Cat\u00f3lica, de Ca\u00f1amero a Guadalupe ( 13 de mayo)"},"content":{"rendered":"<h2><strong><a href=\"https:\/\/blogs.hoy.es\/senderosextremadura\/2012\/04\/23\/iv-ruta-de-isabel-la-catolica-de-canamero-a-guadalupe-13-de-mayo\/ruta-isabel-catolica\/\" rel=\"attachment wp-att-436\"><img loading=\"lazy\" class=\"alignleft size-large wp-image-436\" title=\"ruta-isabel-catolica\" src=\"\/senderosextremadura\/wp-content\/uploads\/sites\/22\/2012\/04\/ruta-isabel-catolica.jpg\" alt=\"\" width=\"463\" height=\"653\" \/><\/a>La comarca de las Villuercas acoge el pr\u00f3ximo 13 de mayo la VI Ruta senderista de Isabel la Cat\u00f3lica. \u00a0La marcha recorre 15 kil\u00f3metros de caminos de dificultad media-baja, desde las localidades de Ca\u00f1amero a Guadalupe. <\/strong><\/h2>\n<h2><strong>La duraci\u00f3n estimada de la caminata es de cuatro horas y media. La salida tendr\u00e1 lugar a las 9 de la ma\u00f1ana en Ca\u00f1amero. Existe la posibilidad de dejar el coche en Guadalupe y desplazarse despu\u00e9s en autob\u00fas hasta la vecina localidad.<\/strong><\/h2>\n<h2><strong>La ruta pertenece al Circuito Extreme\u00f1o de Rutas Senderistas. <\/strong>El plazo de inscripci\u00f3n se cierra el 7 de mayo. El n\u00famero m\u00e1ximo de participantes es de 100 personas, hasta completar n\u00famero por orden de inscripci\u00f3n.<\/h2>\n<h2><\/h2>\n<h2>INSCRIPCIONES<\/h2>\n<h2>680906335<\/h2>\n<h2><a href=\"mailto:lebor6@hotmail.com\" target=\"_blank\">lebor6@hotmail.com<\/a> (Roberto Alonso)<\/h2>\n<h2>M\u00c1S INFORMACI\u00d3N EN<\/h2>\n<h2><a href=\"http:\/\/ddvilluercasiboresjara.blogspot.com.es\/\" target=\"_blank\" rel=\"external nofollow\"><strong>ddvilluercasiboresjara.blogspot.com<\/strong><\/a><\/h2>\n<p>&nbsp;<\/p>\n<p>Organiza<\/p>\n<p>Mancomunidad Villuercas-Ibores-Jara<\/p>\n<!-- AddThis Advanced Settings generic via filter on the_content --><!-- AddThis Share Buttons generic via filter on the_content -->","protected":false},"excerpt":{"rendered":"<p>La comarca de las Villuercas acoge el pr\u00f3ximo 13 de mayo la VI Ruta senderista de Isabel la Cat\u00f3lica. \u00a0La marcha recorre 15 kil\u00f3metros de caminos de dificultad media-baja, desde las localidades de Ca\u00f1amero a Guadalupe. La duraci\u00f3n estimada de la caminata es de cuatro horas y media. La salida tendr\u00e1 lugar a las 9 [&hellip;]<!-- AddThis Advanced Settings generic via filter on get_the_excerpt --><!-- AddThis Share Buttons generic via filter on get_the_excerpt --><\/p>\n","protected":false},"author":27,"featured_media":0,"comment_status":"open","ping_status":"closed","sticky":false,"template":"","format":"standard","meta":[],"categories":[4],"tags":[148,364,1099],"_links":{"self":[{"href":"https:\/\/blogs.hoy.es\/senderosextremadura\/wp-json\/wp\/v2\/posts\/435"}],"collection":[{"href":"https:\/\/blogs.hoy.es\/senderosextremadura\/wp-json\/wp\/v2\/posts"}],"about":[{"href":"https:\/\/blogs.hoy.es\/senderosextremadura\/wp-json\/wp\/v2\/types\/post"}],"author":[{"embeddable":true,"href":"https:\/\/blogs.hoy.es\/senderosextremadura\/wp-json\/wp\/v2\/users\/27"}],"replies":[{"embeddable":true,"href":"https:\/\/blogs.hoy.es\/senderosextremadura\/wp-json\/wp\/v2\/comments?post=435"}],"version-history":[{"count":0,"href":"https:\/\/blogs.hoy.es\/senderosextremadura\/wp-json\/wp\/v2\/posts\/435\/revisions"}],"wp:attachment":[{"href":"https:\/\/blogs.hoy.es\/senderosextremadura\/wp-json\/wp\/v2\/media?parent=435"}],"wp:term":[{"taxonomy":"category","embeddable":true,"href":"https:\/\/blogs.hoy.es\/senderosextremadura\/wp-json\/wp\/v2\/categories?post=435"},{"taxonomy":"post_tag","embeddable":true,"href":"https:\/\/blogs.hoy.es\/senderosextremadura\/wp-json\/wp\/v2\/tags?post=435"}],"curies":[{"name":"wp","href":"https:\/\/api.w.org\/{rel}","templated":true}]}}