{"id":4352,"date":"2018-10-01T14:41:43","date_gmt":"2018-10-01T14:41:43","guid":{"rendered":"http:\/\/blogs.hoy.es\/senderosextremadura\/?p=4352"},"modified":"2018-10-01T14:41:43","modified_gmt":"2018-10-01T14:41:43","slug":"zalamea-celebra-su-ruta-teatralizada-de-los-tartesos-7-de-octubre","status":"publish","type":"post","link":"https:\/\/blogs.hoy.es\/senderosextremadura\/2018\/10\/01\/zalamea-celebra-su-ruta-teatralizada-de-los-tartesos-7-de-octubre\/","title":{"rendered":"Zalamea celebra su ruta teatralizada de los Tartesos (7 de octubre)"},"content":{"rendered":"<p><strong><img loading=\"lazy\" class=\"aligncenter size-full wp-image-4354\" src=\"https:\/\/static-blogs.hoy.es\/wp-content\/uploads\/sites\/22\/2018\/10\/ruta.jpg\" alt=\"ruta\" width=\"575\" height=\"431\" srcset=\"https:\/\/static-blogs.hoy.es\/wp-content\/uploads\/sites\/22\/2018\/10\/ruta.jpg 575w, https:\/\/static-blogs.hoy.es\/wp-content\/uploads\/sites\/22\/2018\/10\/ruta-300x225.jpg 300w\" sizes=\"(max-width: 575px) 100vw, 575px\" \/>Zalamea de la Serena<\/strong> ser\u00e1 escenario el pr\u00f3ximo domingo 7 de octubre de la <strong>V edici\u00f3n de la Ruta de los Tartesos<\/strong>. La marcha forma parte del circuito <strong>Circuito Camina Extremadura 2018<\/strong>, y est\u00e1 organiza por el Ayuntamiento de Zalamea, con la colaboraci\u00f3n de la Direcci\u00f3n General de Deportes y la Federaci\u00f3n Extreme\u00f1a de Monta\u00f1a y Escalada.<\/p>\n<p>La ruta es circular, y tiene una distancia de 23 Km, con la posibilidad de acortar con dos rutas alternativas de 8 y 16 Km. La dificultad es media-baja.\u00a0<!--more--><\/p>\n<p>La ruta transcurre por distintos monumentos de Zalamea, la presa de La Charca, la pedan\u00eda de Docenario y el yacimiento tart\u00e9sico de Cancho Roano. Existir\u00e1n 4 puntos de avituallamiento durante el recorrido. Como atractivo a\u00f1adido, durante el recorrido se\u00a0har\u00e1n peque\u00f1as representaciones de &#8216;El Alcalde de Zalamea&#8217;.<\/p>\n<p>La recepci\u00f3n de participantes, salida y llegada,\u00a0tendr\u00e1n lugar en la Plaza Calder\u00f3n de la Barca, donde adem\u00e1s se ofrecer\u00e1 un desayuno y una comida al terminar. Esta recepci\u00f3n ser\u00e1 de 8 a 8.45 horas, para comenzar la prueba a las 9 de la ma\u00f1ana. El cierre de meta ser\u00e1 a las 15.30 horas.<\/p>\n<p>INSCRIPCIONES:<br \/>\n\u2013 3 euros para participantes federados ( del 7 de Septiembre al 3 de Octubre)<br \/>\n\u2013 5 euros para no federados ( del 14 de Septiembre al 3 de Octubre).<\/p>\n<p>Las inscripciones podr\u00e1n hacerse a trav\u00e9s de las siguientes paginas:<\/p>\n<p>zalamea.com<br \/>\nfexme.com<br \/>\nwww.tucrono.es<\/p>\n<p><img loading=\"lazy\" class=\"aligncenter size-large wp-image-4353\" src=\"https:\/\/static-blogs.hoy.es\/wp-content\/uploads\/sites\/22\/2018\/10\/Tartesos-2018-2-1-724x1024-600x849.jpg\" alt=\"tartesos-2018-2-1-724x1024\" width=\"600\" height=\"849\" srcset=\"https:\/\/static-blogs.hoy.es\/wp-content\/uploads\/sites\/22\/2018\/10\/Tartesos-2018-2-1-724x1024-600x849.jpg 600w, https:\/\/static-blogs.hoy.es\/wp-content\/uploads\/sites\/22\/2018\/10\/Tartesos-2018-2-1-724x1024-212x300.jpg 212w, https:\/\/static-blogs.hoy.es\/wp-content\/uploads\/sites\/22\/2018\/10\/Tartesos-2018-2-1-724x1024.jpg 724w\" sizes=\"(max-width: 600px) 100vw, 600px\" \/><\/p>\n<!-- AddThis Advanced Settings generic via filter on the_content --><!-- AddThis Share Buttons generic via filter on the_content -->","protected":false},"excerpt":{"rendered":"<p>Zalamea de la Serena ser\u00e1 escenario el pr\u00f3ximo domingo 7 de octubre de la V edici\u00f3n de la Ruta de los Tartesos. La marcha forma parte del circuito Circuito Camina Extremadura 2018, y est\u00e1 organiza por el Ayuntamiento de Zalamea, con la colaboraci\u00f3n de la Direcci\u00f3n General de Deportes y la Federaci\u00f3n Extreme\u00f1a de Monta\u00f1a [&hellip;]<!-- AddThis Advanced Settings generic via filter on get_the_excerpt --><!-- AddThis Share Buttons generic via filter on get_the_excerpt --><\/p>\n","protected":false},"author":27,"featured_media":0,"comment_status":"open","ping_status":"closed","sticky":false,"template":"","format":"standard","meta":[],"categories":[4],"tags":[1115],"_links":{"self":[{"href":"https:\/\/blogs.hoy.es\/senderosextremadura\/wp-json\/wp\/v2\/posts\/4352"}],"collection":[{"href":"https:\/\/blogs.hoy.es\/senderosextremadura\/wp-json\/wp\/v2\/posts"}],"about":[{"href":"https:\/\/blogs.hoy.es\/senderosextremadura\/wp-json\/wp\/v2\/types\/post"}],"author":[{"embeddable":true,"href":"https:\/\/blogs.hoy.es\/senderosextremadura\/wp-json\/wp\/v2\/users\/27"}],"replies":[{"embeddable":true,"href":"https:\/\/blogs.hoy.es\/senderosextremadura\/wp-json\/wp\/v2\/comments?post=4352"}],"version-history":[{"count":1,"href":"https:\/\/blogs.hoy.es\/senderosextremadura\/wp-json\/wp\/v2\/posts\/4352\/revisions"}],"predecessor-version":[{"id":4355,"href":"https:\/\/blogs.hoy.es\/senderosextremadura\/wp-json\/wp\/v2\/posts\/4352\/revisions\/4355"}],"wp:attachment":[{"href":"https:\/\/blogs.hoy.es\/senderosextremadura\/wp-json\/wp\/v2\/media?parent=4352"}],"wp:term":[{"taxonomy":"category","embeddable":true,"href":"https:\/\/blogs.hoy.es\/senderosextremadura\/wp-json\/wp\/v2\/categories?post=4352"},{"taxonomy":"post_tag","embeddable":true,"href":"https:\/\/blogs.hoy.es\/senderosextremadura\/wp-json\/wp\/v2\/tags?post=4352"}],"curies":[{"name":"wp","href":"https:\/\/api.w.org\/{rel}","templated":true}]}}